{"id":1647,"date":"2020-07-16T11:20:29","date_gmt":"2020-07-16T09:20:29","guid":{"rendered":"http:\/\/stage.education-cloud.eu\/?p=1647"},"modified":"2020-10-16T07:53:53","modified_gmt":"2020-10-16T05:53:53","slug":"edu-connect","status":"publish","type":"post","link":"https:\/\/www.education-cloud.eu\/?p=1647","title":{"rendered":"EDU Connect"},"content":{"rendered":"<p><img decoding=\"async\" src=\"\/wp-content\/uploads\/2020\/08\/Connect.png\" alt=\"EDU Connect\"><\/p>\n<div>\n<p>Bestm\u00f6gliche Einbindung der bereits vorhandenen digitalen Ger\u00e4te in das Netzwerk und unsere EDU Control L\u00f6sung<\/p>\n<\/div>\n<div>\n<p>Ihre Schule verf\u00fcgt bereits \u00fcber Tablets und Laptops? Sie benutzen bereits interaktive Wandtafeln bzw.<br \/>Gro\u00dfbildschirme im Schulunterricht?<\/p>\n<p>Die Vernetzung und Kommunikation der Ger\u00e4te untereinander funktionierten aber nicht oder nicht optimal? Sie haben keine Kontrolle dar\u00fcber was die Sch\u00fclerinnen und Sch\u00fcler auf diesen Ger\u00e4ten machen bzw. welche Anwendungen benutzt werden? Sie k\u00f6nnen Ihrer digitalen Aufsichtspflicht nicht richtig nachkommen?<\/p>\n<p>Mit EDU Connect bieten wir Ihnen den Service an, die bereits vorhandenen digitalen Ger\u00e4te in die Netzwerkinfrastruktur einzubinden, je nach Ger\u00e4t\u00a0 in das EDU Control einzupflegen und damit\u00a0 zu managen. Grundvoraussetzung ist, dass die vorhanden digitalen Ger\u00e4te netzwerkf\u00e4hig sind.<\/p>\n<\/div>\n<p><img decoding=\"async\" src=\"\/wp-content\/uploads\/2020\/08\/EDU_Connect_P.png\" alt=\"K\u00fcnstlerische Darstellung EDU Connect\"><\/p>\n<h1>Merkmale EDU Connect<\/h1>\n<ul>\n<li>\n<div>\n<p>Beratung zur Nutzung der vorhandenen digitalen Ger\u00e4te<\/p>\n<\/div>\n<\/li>\n<li>\n<div>\n<p>Einbindung der vorhandenen digitalen Ger\u00e4te in das vorhandene Netzwerk und in EDU Control<\/p>\n<\/div>\n<\/li>\n<li>\n<div>\n<p>Optimierte Weiternutzung der vorhandenen digitalen Ger\u00e4te<\/p>\n<\/div>\n<\/li>\n<li>\n<div>\n<p>Unterst\u00fctzung der Lehrperson bei der digitalen Aufsichtspflicht<\/p>\n<\/div>\n<\/li>\n<\/ul>\n<div>\n<p>Gerne beraten wir Sie zum Produkt EDU Connect und seinen Vorteilen sowie dem weiteren Produktportfolio von Education Cloud.<\/p>\n<\/div>\n<h1>Voraussetzungen<\/h1>\n<ul>\n<li>\n<div>\n<p>Bestandsaufnahme der vorhandenen digitalen Ger\u00e4te<\/p>\n<\/div>\n<\/li>\n<li>\n<div>\n<p>Ger\u00e4te m\u00fcssen netzwerkf\u00e4hig sein<\/p>\n<\/div>\n<\/li>\n<li>\n<div>\n<p>Verwendete Betriebssoftware muss aktuellem Stand entsprechen<\/p>\n<\/div>\n<\/li>\n<\/ul>\n<p>\n    <a href=\"\/wp-content\/uploads\/2020\/08\/EDU-Connect.pdf\">PDF<\/a>\n<\/p>\n<p><!-- {\"name\":\"EDU Server\",\"type\":\"layout\",\"children\":[{\"type\":\"section\",\"props\":{\"style\":\"default\",\"width\":\"default\",\"vertical_align\":\"middle\",\"title_position\":\"top-left\",\"title_rotation\":\"left\",\"title_breakpoint\":\"xl\",\"image_position\":\"center-center\"},\"children\":[{\"type\":\"row\",\"children\":[{\"type\":\"column\",\"props\":{\"image_position\":\"center-center\",\"media_overlay_gradient\":\"\"},\"children\":[{\"type\":\"image\",\"props\":{\"margin\":\"default\",\"image_svg_color\":\"emphasis\",\"image\":\"wp-content\\\/uploads\\\/2020\\\/08\\\/Connect.png\",\"image_height\":\"80\",\"image_alt\":\"EDU Connect\"}}]}]},{\"type\":\"row\",\"children\":[{\"type\":\"column\",\"props\":{\"image_position\":\"center-center\",\"media_overlay_gradient\":\"\"},\"children\":[{\"type\":\"text\",\"props\":{\"margin\":\"default\",\"column_breakpoint\":\"m\",\"content\":\"\n\n<p>Bestm\\u00f6gliche Einbindung der bereits vorhandenen digitalen Ger\\u00e4te in das Netzwerk und unsere EDU Control L\\u00f6sung<\\\/p>\",\"text_style\":\"lead\",\"text_color\":\"secondary\"}}]}]},{\"type\":\"row\",\"props\":{\"layout\":\"2-3,1-3\"},\"children\":[{\"type\":\"column\",\"props\":{\"image_position\":\"center-center\",\"media_overlay_gradient\":\"\",\"width_medium\":\"2-3\"},\"children\":[{\"type\":\"text\",\"props\":{\"margin\":\"default\",\"column_breakpoint\":\"m\",\"content\":\"\n\n<p>Ihre Schule verf\\u00fcgt bereits \\u00fcber Tablets und Laptops? Sie benutzen bereits interaktive Wandtafeln bzw.<br \\\/>Gro\\u00dfbildschirme im Schulunterricht?<\\\/p>\\n\n\n<p>Die Vernetzung und Kommunikation der Ger\\u00e4te untereinander funktionierten aber nicht oder nicht optimal? Sie haben keine Kontrolle dar\\u00fcber was die Sch\\u00fclerinnen und Sch\\u00fcler auf diesen Ger\\u00e4ten machen bzw. welche Anwendungen benutzt werden? Sie k\\u00f6nnen Ihrer digitalen Aufsichtspflicht nicht richtig nachkommen?<\\\/p>\\n\n\n<p>Mit EDU Connect bieten wir Ihnen den Service an, die bereits vorhandenen digitalen Ger\\u00e4te in die Netzwerkinfrastruktur einzubinden, je nach Ger\\u00e4t\\u00a0 in das EDU Control einzupflegen und damit\\u00a0 zu managen. Grundvoraussetzung ist, dass die vorhanden digitalen Ger\\u00e4te netzwerkf\\u00e4hig sind.<\\\/p>\"}}]},{\"type\":\"column\",\"props\":{\"image_position\":\"center-center\",\"media_overlay_gradient\":\"\",\"width_medium\":\"1-3\"},\"children\":[{\"type\":\"image\",\"props\":{\"margin\":\"default\",\"image_svg_color\":\"emphasis\",\"image\":\"wp-content\\\/uploads\\\/2020\\\/08\\\/EDU_Connect_P.png\",\"image_alt\":\"K\\u00fcnstlerische Darstellung EDU Connect\"}}]}]},{\"type\":\"row\",\"props\":{\"layout\":\"1-2,1-2\"},\"children\":[{\"type\":\"column\",\"props\":{\"image_position\":\"center-center\",\"media_overlay_gradient\":\"\",\"width_medium\":\"1-2\"},\"children\":[{\"type\":\"headline\",\"props\":{\"title_element\":\"h1\",\"content\":\"Merkmale EDU Connect\",\"title_decoration\":\"bullet\",\"title_color\":\"secondary\",\"title_style\":\"h2\"}}]},{\"type\":\"column\",\"props\":{\"image_position\":\"center-center\",\"media_overlay_gradient\":\"\",\"width_medium\":\"1-2\"},\"children\":[{\"type\":\"list\",\"props\":{\"show_image\":true,\"show_link\":true,\"list_element\":\"ul\",\"column_breakpoint\":\"m\",\"image_svg_color\":\"emphasis\",\"image_align\":\"left\",\"image_vertical_align\":false},\"children\":[{\"type\":\"list_item\",\"props\":{\"content\":\"\n\n<p>Beratung zur Nutzung der vorhandenen digitalen Ger\\u00e4te<\\\/p>\",\"icon\":\"check\"}},{\"type\":\"list_item\",\"props\":{\"content\":\"\n\n<p>Einbindung der vorhandenen digitalen Ger\\u00e4te in das vorhandene Netzwerk und in EDU Control<\\\/p>\",\"icon\":\"check\"}},{\"type\":\"list_item\",\"props\":{\"content\":\"\n\n<p>Optimierte Weiternutzung der vorhandenen digitalen Ger\\u00e4te<\\\/p>\",\"icon\":\"check\"}},{\"type\":\"list_item\",\"props\":{\"content\":\"\n\n<p>Unterst\\u00fctzung der Lehrperson bei der digitalen Aufsichtspflicht<\\\/p>\",\"icon\":\"check\"}}]}]}]},{\"type\":\"row\",\"children\":[{\"type\":\"column\",\"props\":{\"image_position\":\"center-center\",\"media_overlay_gradient\":\"\"},\"children\":[{\"type\":\"text\",\"props\":{\"margin\":\"default\",\"column_breakpoint\":\"m\",\"content\":\"\n\n<p>Gerne beraten wir Sie zum Produkt EDU Connect und seinen Vorteilen sowie dem weiteren Produktportfolio von Education Cloud.<\\\/p>\",\"text_style\":\"lead\",\"text_color\":\"secondary\"}}]}]},{\"type\":\"row\",\"children\":[{\"type\":\"column\",\"props\":{\"image_position\":\"center-center\",\"media_overlay_gradient\":\"\"},\"children\":[{\"type\":\"headline\",\"props\":{\"title_element\":\"h1\",\"content\":\"Voraussetzungen\",\"title_color\":\"secondary\",\"title_style\":\"h3\"},\"name\":\"Voraussetzungen\"}]}]},{\"type\":\"row\",\"children\":[{\"type\":\"column\",\"props\":{\"image_position\":\"center-center\",\"media_overlay_gradient\":\"\"},\"children\":[{\"type\":\"list\",\"props\":{\"show_image\":true,\"show_link\":true,\"list_element\":\"ul\",\"column_breakpoint\":\"m\",\"image_svg_color\":\"emphasis\",\"image_align\":\"left\",\"image_vertical_align\":true,\"list_marker\":\"disc\"},\"children\":[{\"type\":\"list_item\",\"props\":{\"content\":\"\n\n<p>Bestandsaufnahme der vorhandenen digitalen Ger\\u00e4te<\\\/p>\"}},{\"type\":\"list_item\",\"props\":{\"content\":\"\n\n<p>Ger\\u00e4te m\\u00fcssen netzwerkf\\u00e4hig sein<\\\/p>\"}},{\"type\":\"list_item\",\"props\":{\"content\":\"\n\n<p>Verwendete Betriebssoftware muss aktuellem Stand entsprechen<\\\/p>\"}}],\"name\":\"Punkte zu Voraussetzungen\"}]}]},{\"type\":\"row\",\"children\":[{\"type\":\"column\",\"props\":{\"image_position\":\"center-center\",\"media_overlay_gradient\":\"\"},\"children\":[{\"type\":\"button\",\"props\":{\"grid_column_gap\":\"small\",\"grid_row_gap\":\"small\",\"margin\":\"default\",\"fullwidth\":false,\"status\":\"\"},\"children\":[{\"type\":\"button_item\",\"props\":{\"button_style\":\"secondary\",\"icon_align\":\"left\",\"content\":\"PDF\",\"link_target\":\"blank\",\"link\":\"wp-content\\\/uploads\\\/2020\\\/08\\\/EDU-Connect.pdf\",\"icon\":\"file-pdf\"}}]}]}]}]}],\"version\":\"2.1.1\"} --><\/p>\n","protected":false},"excerpt":{"rendered":"<p>Bestm\u00f6gliche Einbindung der bereits vorhandenen digitalen Ger\u00e4te in das Netzwerk und unsere EDU Control L\u00f6sung Ihre Schule verf\u00fcgt bereits \u00fcber Tablets und Laptops? Sie benutzen bereits interaktive Wandtafeln bzw.Gro\u00dfbildschirme im Schulunterricht? Die Vernetzung und Kommunikation der Ger\u00e4te untereinander funktionierten aber nicht oder nicht optimal? Sie haben keine Kontrolle dar\u00fcber was die Sch\u00fclerinnen und Sch\u00fcler auf [&hellip;]<\/p>\n","protected":false},"author":1,"featured_media":0,"comment_status":"closed","ping_status":"open","sticky":false,"template":"","format":"standard","meta":{"_acf_changed":false,"footnotes":""},"categories":[30],"tags":[],"class_list":["post-1647","post","type-post","status-publish","format-standard","hentry","category-edu-produkte"],"acf":[],"_links":{"self":[{"href":"https:\/\/www.education-cloud.eu\/index.php?rest_route=\/wp\/v2\/posts\/1647","targetHints":{"allow":["GET"]}}],"collection":[{"href":"https:\/\/www.education-cloud.eu\/index.php?rest_route=\/wp\/v2\/posts"}],"about":[{"href":"https:\/\/www.education-cloud.eu\/index.php?rest_route=\/wp\/v2\/types\/post"}],"author":[{"embeddable":true,"href":"https:\/\/www.education-cloud.eu\/index.php?rest_route=\/wp\/v2\/users\/1"}],"replies":[{"embeddable":true,"href":"https:\/\/www.education-cloud.eu\/index.php?rest_route=%2Fwp%2Fv2%2Fcomments&post=1647"}],"version-history":[{"count":23,"href":"https:\/\/www.education-cloud.eu\/index.php?rest_route=\/wp\/v2\/posts\/1647\/revisions"}],"predecessor-version":[{"id":2646,"href":"https:\/\/www.education-cloud.eu\/index.php?rest_route=\/wp\/v2\/posts\/1647\/revisions\/2646"}],"wp:attachment":[{"href":"https:\/\/www.education-cloud.eu\/index.php?rest_route=%2Fwp%2Fv2%2Fmedia&parent=1647"}],"wp:term":[{"taxonomy":"category","embeddable":true,"href":"https:\/\/www.education-cloud.eu\/index.php?rest_route=%2Fwp%2Fv2%2Fcategories&post=1647"},{"taxonomy":"post_tag","embeddable":true,"href":"https:\/\/www.education-cloud.eu\/index.php?rest_route=%2Fwp%2Fv2%2Ftags&post=1647"}],"curies":[{"name":"wp","href":"https:\/\/api.w.org\/{rel}","templated":true}]}}