{"id":1651,"date":"2020-07-16T11:20:29","date_gmt":"2020-07-16T09:20:29","guid":{"rendered":"http:\/\/stage.education-cloud.eu\/?p=1651"},"modified":"2021-01-12T11:26:44","modified_gmt":"2021-01-12T10:26:44","slug":"edu-konzept","status":"publish","type":"post","link":"https:\/\/www.education-cloud.eu\/?p=1651","title":{"rendered":"EDU Konzept"},"content":{"rendered":"<p><img decoding=\"async\" src=\"\/wp-content\/uploads\/2020\/08\/Konzept.png\" alt=\"EDU Konzept\"><\/p>\n<div>\n<p>Hilfestellung bzw. Erstellung des medienpa\u0308dagogischen Konzepts im Rahmen des Lehrplan 21 bzw. DigitalPakt Schule<\/p>\n<\/div>\n<div>\n<p>Kein technisches Gera\u0308t ohne pa\u0308dagogisches Konzept lautet unsere Devise. Der erfolgreiche Einsatz digitaler Medien in den Schulen muss geplant werden und dem Primat der Pa\u0308dagogik folgen.<\/p>\n<p>Was ist der pa\u0308dagogische Nutzen der Digitalisierung bzw. der einzelnen digitalen Gera\u0308te? Wie kann man diese Gera\u0308te mit einem Mehrnutzen in der Schule einsetzten?<\/p>\n<p>Wir erstellen zusammen mit Ihnen ein technisch-pa\u0308dagogisches Einsatzkonzept im Rahmen des medienpa\u0308dagogischen Gesamtkonzepts und unterst\u00fctzen Sie bei deren Umsetzung.<\/p>\n<\/div>\n<p><img decoding=\"async\" src=\"\/wp-content\/uploads\/2020\/08\/EDU_Konzept_P.png\" alt=\"K\u00fcnstlerische Darstellung EDU Konzept\"><\/p>\n<h1>Merkmale EDU Konzept<\/h1>\n<ul>\n<li>\n<div>\n<p>Ausarbeitung des technisch-pa\u0308dagogischen Einsatzkonzepts im Rahmen des medien-pa\u0308dagogischen Gesamtkonzepts<\/p>\n<\/div>\n<\/li>\n<li>\n<div>\n<p>Individuell abgestimmt auf die Bedu\u0308rfnisse der Schule<\/p>\n<\/div>\n<\/li>\n<li>\n<div>\n<p>Besonderer Fokus auf die Thematik Datenschutz<\/p>\n<\/div>\n<\/li>\n<li>\n<div>\n<p>Abgestimmte Konzepte auf den Lehrplan 21 in der Schweiz<\/p>\n<\/div>\n<\/li>\n<li>\n<div>\n<p>Abgestimmte Konzepte auf den DigitalPakt Schule und die Bestimmungen der einzelnen Bundesla\u0308nder in Deutschland<\/p>\n<\/div>\n<\/li>\n<li>\n<div>\n<p>Unterstu\u0308tzung bei der Ausarbeitung des Medienentwicklungsplans fu\u0308r die Antragsfo\u0308rderung im Rahmen des DigitalPakt Schule in Deutschland<\/p>\n<\/div>\n<\/li>\n<li>\n<div>\n<p>Unterstu\u0308tzung bei der Umsetzung und Implementierung durch weiterfu\u0308hrende Schulungen im Rahmen unseres Angebots von EDU Academy<\/p>\n<\/div>\n<\/li>\n<\/ul>\n<div>\n<p>Gerne beraten wir Sie zum Produkt EDU Konzept und seinen Vorteilen sowie dem weiteren Produktportfolio von Education Cloud.<\/p>\n<p>Kontaktieren Sie uns:\u00a0<strong><a href=\"mailto:info@education-cloud.eu\">info@education-cloud.eu<\/a><\/strong><\/p>\n<\/div>\n<p>\n    <a href=\"\/wp-content\/uploads\/2020\/08\/EDU-Konzept.pdf\">PDF<\/a>\n<\/p>\n<div>\n<p><strong>Thema Datenschutz im digitalen Klassenzimmer:<\/strong><\/p>\n<\/div>\n<ul>\n<li>\n        <a href=\"https:\/\/www.education-cloud.eu\/?p=1837\">Datenschutz vs. Datensicherheit<\/a>\n    <\/li>\n<li>\n        <a href=\"https:\/\/www.education-cloud.eu\/wp-content\/uploads\/2020\/09\/Dossier-Digitalisierung-und-Datenschutz-DSGVO-DSG.pdf\">Dossier Digitalisierung und Datenschutz<\/a>\n    <\/li>\n<li>\n        <a href=\"https:\/\/www.education-cloud.eu\/wp-content\/uploads\/2020\/10\/Digitaler-Schulalltag-Herausforderungen-Education-Cloud.pdf\">Digitaler Schulalltag<\/a>\n    <\/li>\n<li>\n        <a href=\"https:\/\/www.education-cloud.eu\/?p=2623\">EuGH erkl\u00e4rt Privacy-Shield-Abkommen f\u00fcr ung\u00fcltig<\/a>\n    <\/li>\n<li>\n        <a href=\"https:\/\/www.education-cloud.eu\/?p=2675\">Tablets, Tablets und nochmals Tablets<\/a>\n    <\/li>\n<\/ul>\n<p><!-- {\"name\":\"EDU Server\",\"type\":\"layout\",\"children\":[{\"type\":\"section\",\"props\":{\"style\":\"default\",\"width\":\"default\",\"vertical_align\":\"middle\",\"title_position\":\"top-left\",\"title_rotation\":\"left\",\"title_breakpoint\":\"xl\",\"image_position\":\"center-center\"},\"children\":[{\"type\":\"row\",\"children\":[{\"type\":\"column\",\"props\":{\"image_position\":\"center-center\",\"media_overlay_gradient\":\"\"},\"children\":[{\"type\":\"image\",\"props\":{\"margin\":\"default\",\"image_svg_color\":\"emphasis\",\"image\":\"wp-content\\\/uploads\\\/2020\\\/08\\\/Konzept.png\",\"image_height\":\"80\",\"image_alt\":\"EDU Konzept\"}}]}]},{\"type\":\"row\",\"children\":[{\"type\":\"column\",\"props\":{\"image_position\":\"center-center\",\"media_overlay_gradient\":\"\"},\"children\":[{\"type\":\"text\",\"props\":{\"margin\":\"default\",\"column_breakpoint\":\"m\",\"content\":\"\n\n<p>Hilfestellung bzw. Erstellung des medienpa\\u0308dagogischen Konzepts im Rahmen des Lehrplan 21 bzw. DigitalPakt Schule<\\\/p>\",\"text_style\":\"lead\",\"text_color\":\"secondary\"}}]}]},{\"type\":\"row\",\"props\":{\"layout\":\"1-2,1-2\"},\"children\":[{\"type\":\"column\",\"props\":{\"image_position\":\"center-center\",\"media_overlay_gradient\":\"\",\"width_medium\":\"1-2\"},\"children\":[{\"type\":\"text\",\"props\":{\"margin\":\"default\",\"column_breakpoint\":\"m\",\"content\":\"\n\n<p>Kein technisches Gera\\u0308t ohne pa\\u0308dagogisches Konzept lautet unsere Devise. Der erfolgreiche Einsatz digitaler Medien in den Schulen muss geplant werden und dem Primat der Pa\\u0308dagogik folgen.<\\\/p>\\n\n\n<p>Was ist der pa\\u0308dagogische Nutzen der Digitalisierung bzw. der einzelnen digitalen Gera\\u0308te? Wie kann man diese Gera\\u0308te mit einem Mehrnutzen in der Schule einsetzten?<\\\/p>\\n\n\n<p>Wir erstellen zusammen mit Ihnen ein technisch-pa\\u0308dagogisches Einsatzkonzept im Rahmen des medienpa\\u0308dagogischen Gesamtkonzepts und unterst\\u00fctzen Sie bei deren Umsetzung.<\\\/p>\"}}]},{\"type\":\"column\",\"props\":{\"image_position\":\"center-center\",\"media_overlay_gradient\":\"\",\"width_medium\":\"1-2\"},\"children\":[{\"type\":\"image\",\"props\":{\"margin\":\"default\",\"image_svg_color\":\"emphasis\",\"image\":\"wp-content\\\/uploads\\\/2020\\\/08\\\/EDU_Konzept_P.png\",\"image_height\":\"350\",\"text_align\":\"center\",\"image_alt\":\"K\\u00fcnstlerische Darstellung EDU Konzept\"}}]}]},{\"type\":\"row\",\"props\":{\"layout\":\"1-2,1-2\"},\"children\":[{\"type\":\"column\",\"props\":{\"image_position\":\"center-center\",\"media_overlay_gradient\":\"\",\"width_medium\":\"1-2\"},\"children\":[{\"type\":\"headline\",\"props\":{\"title_element\":\"h1\",\"content\":\"Merkmale EDU Konzept\",\"title_decoration\":\"bullet\",\"title_color\":\"secondary\",\"title_style\":\"h2\"}}]},{\"type\":\"column\",\"props\":{\"image_position\":\"center-center\",\"media_overlay_gradient\":\"\",\"width_medium\":\"1-2\"},\"children\":[{\"type\":\"list\",\"props\":{\"show_image\":true,\"show_link\":true,\"list_element\":\"ul\",\"column_breakpoint\":\"m\",\"image_svg_color\":\"emphasis\",\"image_align\":\"left\",\"image_vertical_align\":false},\"children\":[{\"type\":\"list_item\",\"props\":{\"content\":\"\n\n<p>Ausarbeitung des technisch-pa\\u0308dagogischen Einsatzkonzepts im Rahmen des medien-pa\\u0308dagogischen Gesamtkonzepts<\\\/p>\",\"icon\":\"check\"}},{\"type\":\"list_item\",\"props\":{\"content\":\"\n\n<p>Individuell abgestimmt auf die Bedu\\u0308rfnisse der Schule<\\\/p>\",\"icon\":\"check\"}},{\"type\":\"list_item\",\"props\":{\"content\":\"\n\n<p>Besonderer Fokus auf die Thematik Datenschutz<\\\/p>\",\"icon\":\"check\"}},{\"type\":\"list_item\",\"props\":{\"content\":\"\n\n<p>Abgestimmte Konzepte auf den Lehrplan 21 in der Schweiz<\\\/p>\",\"icon\":\"check\"}},{\"type\":\"list_item\",\"props\":{\"content\":\"\n\n<p>Abgestimmte Konzepte auf den DigitalPakt Schule und die Bestimmungen der einzelnen Bundesla\\u0308nder in Deutschland<\\\/p>\",\"icon\":\"check\"}},{\"type\":\"list_item\",\"props\":{\"content\":\"\n\n<p>Unterstu\\u0308tzung bei der Ausarbeitung des Medienentwicklungsplans fu\\u0308r die Antragsfo\\u0308rderung im Rahmen des DigitalPakt Schule in Deutschland<\\\/p>\",\"icon\":\"check\"}},{\"type\":\"list_item\",\"props\":{\"content\":\"\n\n<p>Unterstu\\u0308tzung bei der Umsetzung und Implementierung durch weiterfu\\u0308hrende Schulungen im Rahmen unseres Angebots von EDU Academy<\\\/p>\",\"icon\":\"check\"}}]}]}]},{\"type\":\"row\",\"children\":[{\"type\":\"column\",\"props\":{\"image_position\":\"center-center\",\"media_overlay_gradient\":\"\"},\"children\":[{\"type\":\"text\",\"props\":{\"margin\":\"default\",\"column_breakpoint\":\"m\",\"content\":\"\n\n<p>Gerne beraten wir Sie zum Produkt EDU Konzept und seinen Vorteilen sowie dem weiteren Produktportfolio von Education Cloud.<\\\/p>\\n\n\n<p>Kontaktieren Sie uns:\\u00a0<strong><a href=\\\"mailto:info@education-cloud.eu\\\">info@education-cloud.eu<\\\/a><\\\/strong><\\\/p>\",\"text_style\":\"lead\",\"text_color\":\"secondary\"}}]}]},{\"type\":\"row\",\"children\":[{\"type\":\"column\",\"props\":{\"image_position\":\"center-center\",\"media_overlay_gradient\":\"\"},\"children\":[{\"type\":\"button\",\"props\":{\"grid_column_gap\":\"small\",\"grid_row_gap\":\"small\",\"margin\":\"default\",\"fullwidth\":false},\"children\":[{\"type\":\"button_item\",\"props\":{\"link_title\":\"EDU Konzept\",\"link\":\"wp-content\\\/uploads\\\/2020\\\/08\\\/EDU-Konzept.pdf\",\"content\":\"PDF\",\"icon\":\"file-pdf\",\"button_style\":\"secondary\",\"icon_align\":\"left\",\"link_target\":\"blank\"}}]}]}]},{\"type\":\"row\",\"children\":[{\"type\":\"column\",\"props\":{\"image_position\":\"center-center\",\"media_overlay_gradient\":\"\"},\"children\":[{\"type\":\"text\",\"props\":{\"margin\":\"default\",\"column_breakpoint\":\"m\",\"content\":\"\n\n<p><strong>Thema Datenschutz im digitalen Klassenzimmer:<\\\/strong><\\\/p>\",\"text_style\":\"lead\",\"text_color\":\"secondary\"},\"name\":\"Thema Datenschutz\"},{\"type\":\"button\",\"props\":{\"grid_column_gap\":\"small\",\"grid_row_gap\":\"small\",\"margin\":\"default\",\"fullwidth\":false},\"children\":[{\"type\":\"button_item\",\"props\":{\"link_title\":\"Datenschutz vs. Datensicherheit\",\"link\":\"https:\\\/\\\/www.education-cloud.eu\\\/?p=1837\",\"content\":\"Datenschutz vs. Datensicherheit\",\"icon\":\"\",\"button_style\":\"secondary\",\"icon_align\":\"left\"}},{\"type\":\"button_item\",\"props\":{\"link_title\":\"Datenschutz vs. Datensicherheit\",\"link\":\"https:\\\/\\\/www.education-cloud.eu\\\/wp-content\\\/uploads\\\/2020\\\/09\\\/Dossier-Digitalisierung-und-Datenschutz-DSGVO-DSG.pdf\",\"content\":\"Dossier Digitalisierung und Datenschutz\",\"icon\":\"file-pdf\",\"button_style\":\"secondary\",\"icon_align\":\"left\",\"link_target\":\"blank\"}},{\"type\":\"button_item\",\"props\":{\"link_title\":\"Digitaler Schulalltag\",\"link\":\"https:\\\/\\\/www.education-cloud.eu\\\/wp-content\\\/uploads\\\/2020\\\/10\\\/Digitaler-Schulalltag-Herausforderungen-Education-Cloud.pdf\",\"content\":\"Digitaler Schulalltag\",\"icon\":\"file-pdf\",\"button_style\":\"secondary\",\"icon_align\":\"left\",\"link_target\":\"blank\"}},{\"type\":\"button_item\",\"props\":{\"link_title\":\"EuGH erkl\\u00e4rt Privacy-Shield-Abkommen f\\u00fcr ung\\u00fcltig\",\"link\":\"https:\\\/\\\/www.education-cloud.eu\\\/?p=2623\",\"content\":\"EuGH erkl\\u00e4rt Privacy-Shield-Abkommen f\\u00fcr ung\\u00fcltig\",\"icon\":\"\",\"button_style\":\"secondary\",\"icon_align\":\"left\"}},{\"type\":\"button_item\",\"props\":{\"link_title\":\"Tablets, Tablets und nochmals Tablets\",\"link\":\"https:\\\/\\\/www.education-cloud.eu\\\/?p=2675\",\"content\":\"Tablets, Tablets und nochmals Tablets\",\"icon\":\"\",\"button_style\":\"secondary\",\"icon_align\":\"left\"}}],\"name\":\"Thema Datenschutz Buttons Artikel\"}]}]}]}],\"version\":\"2.1.1\"} --><\/p>\n","protected":false},"excerpt":{"rendered":"<p>Hilfestellung bzw. Erstellung des medienpa\u0308dagogischen Konzepts im Rahmen des Lehrplan 21 bzw. DigitalPakt Schule Kein technisches Gera\u0308t ohne pa\u0308dagogisches Konzept lautet unsere Devise. Der erfolgreiche Einsatz digitaler Medien in den Schulen muss geplant werden und dem Primat der Pa\u0308dagogik folgen. Was ist der pa\u0308dagogische Nutzen der Digitalisierung bzw. der einzelnen digitalen Gera\u0308te? Wie kann man [&hellip;]<\/p>\n","protected":false},"author":1,"featured_media":0,"comment_status":"closed","ping_status":"open","sticky":false,"template":"","format":"standard","meta":{"_acf_changed":false,"footnotes":""},"categories":[30],"tags":[],"class_list":["post-1651","post","type-post","status-publish","format-standard","hentry","category-edu-produkte"],"acf":[],"_links":{"self":[{"href":"https:\/\/www.education-cloud.eu\/index.php?rest_route=\/wp\/v2\/posts\/1651","targetHints":{"allow":["GET"]}}],"collection":[{"href":"https:\/\/www.education-cloud.eu\/index.php?rest_route=\/wp\/v2\/posts"}],"about":[{"href":"https:\/\/www.education-cloud.eu\/index.php?rest_route=\/wp\/v2\/types\/post"}],"author":[{"embeddable":true,"href":"https:\/\/www.education-cloud.eu\/index.php?rest_route=\/wp\/v2\/users\/1"}],"replies":[{"embeddable":true,"href":"https:\/\/www.education-cloud.eu\/index.php?rest_route=%2Fwp%2Fv2%2Fcomments&post=1651"}],"version-history":[{"count":13,"href":"https:\/\/www.education-cloud.eu\/index.php?rest_route=\/wp\/v2\/posts\/1651\/revisions"}],"predecessor-version":[{"id":2975,"href":"https:\/\/www.education-cloud.eu\/index.php?rest_route=\/wp\/v2\/posts\/1651\/revisions\/2975"}],"wp:attachment":[{"href":"https:\/\/www.education-cloud.eu\/index.php?rest_route=%2Fwp%2Fv2%2Fmedia&parent=1651"}],"wp:term":[{"taxonomy":"category","embeddable":true,"href":"https:\/\/www.education-cloud.eu\/index.php?rest_route=%2Fwp%2Fv2%2Fcategories&post=1651"},{"taxonomy":"post_tag","embeddable":true,"href":"https:\/\/www.education-cloud.eu\/index.php?rest_route=%2Fwp%2Fv2%2Ftags&post=1651"}],"curies":[{"name":"wp","href":"https:\/\/api.w.org\/{rel}","templated":true}]}}