{"id":1652,"date":"2020-07-16T11:20:29","date_gmt":"2020-07-16T09:20:29","guid":{"rendered":"http:\/\/stage.education-cloud.eu\/?p=1652"},"modified":"2021-01-12T11:19:56","modified_gmt":"2021-01-12T10:19:56","slug":"edu-academy","status":"publish","type":"post","link":"https:\/\/www.education-cloud.eu\/?p=1652","title":{"rendered":"EDU Academy"},"content":{"rendered":"<p><img decoding=\"async\" src=\"\/wp-content\/uploads\/2020\/08\/Academy.png\" alt=\"EDU Academy\"><\/p>\n<div>\n<p>Pa\u0308dagogisches und technisches Schulungsangebot fu\u0308r Lehrpersonen und IT-Verantwortliche fu\u0308r den erfolgreichen Einsatz digitaler Medien an Schulen<\/p>\n<\/div>\n<div>\n<p>Education Cloud bietet ein umfangreiches Angebot an pa\u0308dagogischen sowie technischen Schulungen an, fu\u0308r den erfolgreichen und effizienten Einsatz digitaler Medien an Schulen.<\/p>\n<p>Die Vermittlung praxisgerechter und pa\u0308dagogischer Lernkonzepte fu\u0308r das digitale Klassenzimmer sowie der pa\u0308dagogische Nutzen von digitalen Gera\u0308ten stehen dabei im Fokus der Schulungen.<\/p>\n<p>Fu\u0308r IT-Verantwortliche bietet EDU Academy ein massgeschneidertes Angebot an technischen Schulungen fu\u0308r die Produkte von Education Cloud, wie z.B. EDU Server oder EDU Control an.<\/p>\n<\/div>\n<p><img decoding=\"async\" src=\"\/wp-content\/uploads\/2020\/08\/EDU_Academy_P.png\" alt=\"K\u00fcnstlerische Darstellung Gruppe von Sch\u00fclerinnen und Sch\u00fcler\"><\/p>\n<h1>Merkmale EDU Academy<\/h1>\n<ul>\n<li>\n<div>\n<p>Spezifisches Angebot an p\u00e4dagogischen Schulungen f\u00fcr Lehrpersonen f\u00fcr den Einsatz digitaler Medien an schulen<\/p>\n<\/div>\n<\/li>\n<li>\n<div>\n<p>Spezifisches Angebot an technischen Schulungen f\u00fcr IT-Verantwortliche f\u00fcr die Produktpalette von Education Cloud<\/p>\n<\/div>\n<\/li>\n<li>\n<div>\n<p>Schulungsangebot umfasst Pr\u00e4senzveranstaltungen sowie auch Online-Schulungen<\/p>\n<\/div>\n<\/li>\n<li>\n<div>\n<p>Pr\u00e4senzveranstaltungen halb- oder ganzt\u00e4tig<\/p>\n<\/div>\n<\/li>\n<li>\n<div>\n<p>Digitale Klassenzimmer zu Demonstrationszwecken an ausgew\u00e4hlten Standorten in der Schweiz und in Deutschland<\/p>\n<\/div>\n<\/li>\n<\/ul>\n<div>\n<p>Gerne beraten wir Sie zum Produkt EDU Academy und seinen Vorteilen sowie dem weiteren Produktportfolio von Education Cloud.<\/p>\n<p>Kontaktieren Sie uns: <strong><a href=\"mailto:info@education-cloud.eu\">info@education-cloud.eu<\/a><\/strong><\/p>\n<\/div>\n<p>\n    <a href=\"\/wp-content\/uploads\/2020\/08\/EDU-Academy.pdf\">PDF<\/a>\n<\/p>\n<div>\n<p><strong>Thema Datenschutz im digitalen Klassenzimmer:<\/strong><\/p>\n<\/div>\n<ul>\n<li>\n        <a href=\"https:\/\/www.education-cloud.eu\/?p=1837\">Datenschutz vs. Datensicherheit<\/a>\n    <\/li>\n<li>\n        <a href=\"https:\/\/www.education-cloud.eu\/wp-content\/uploads\/2020\/09\/Dossier-Digitalisierung-und-Datenschutz-DSGVO-DSG.pdf\">Dossier Digitalisierung und Datenschutz<\/a>\n    <\/li>\n<li>\n        <a href=\"https:\/\/www.education-cloud.eu\/wp-content\/uploads\/2020\/10\/Digitaler-Schulalltag-Herausforderungen-Education-Cloud.pdf\">Digitaler Schulalltag<\/a>\n    <\/li>\n<li>\n        <a href=\"https:\/\/www.education-cloud.eu\/?p=2623\">EuGH erkl\u00e4rt Privacy-Shield-Abkommen f\u00fcr ung\u00fcltig<\/a>\n    <\/li>\n<li>\n        <a href=\"https:\/\/www.education-cloud.eu\/?p=2675\">Tablets, Tablets und nochmals Tablets<\/a>\n    <\/li>\n<\/ul>\n<p><!-- {\"name\":\"EDU Server\",\"type\":\"layout\",\"children\":[{\"type\":\"section\",\"props\":{\"style\":\"default\",\"width\":\"default\",\"vertical_align\":\"middle\",\"title_position\":\"top-left\",\"title_rotation\":\"left\",\"title_breakpoint\":\"xl\",\"image_position\":\"center-center\"},\"children\":[{\"type\":\"row\",\"children\":[{\"type\":\"column\",\"props\":{\"image_position\":\"center-center\",\"media_overlay_gradient\":\"\"},\"children\":[{\"type\":\"image\",\"props\":{\"margin\":\"default\",\"image_svg_color\":\"emphasis\",\"image\":\"wp-content\\\/uploads\\\/2020\\\/08\\\/Academy.png\",\"image_height\":\"80\",\"image_alt\":\"EDU Academy\"}}]}]},{\"type\":\"row\",\"children\":[{\"type\":\"column\",\"props\":{\"image_position\":\"center-center\",\"media_overlay_gradient\":\"\"},\"children\":[{\"type\":\"text\",\"props\":{\"margin\":\"default\",\"column_breakpoint\":\"m\",\"content\":\"\n\n<p>Pa\\u0308dagogisches und technisches Schulungsangebot fu\\u0308r Lehrpersonen und IT-Verantwortliche fu\\u0308r den erfolgreichen Einsatz digitaler Medien an Schulen<\\\/p>\",\"text_style\":\"lead\",\"text_color\":\"secondary\"}}]}]},{\"type\":\"row\",\"props\":{\"layout\":\"2-3,1-3\"},\"children\":[{\"type\":\"column\",\"props\":{\"image_position\":\"center-center\",\"media_overlay_gradient\":\"\",\"width_medium\":\"2-3\"},\"children\":[{\"type\":\"text\",\"props\":{\"margin\":\"default\",\"column_breakpoint\":\"m\",\"content\":\"\n\n<p>Education Cloud bietet ein umfangreiches Angebot an pa\\u0308dagogischen sowie technischen Schulungen an, fu\\u0308r den erfolgreichen und effizienten Einsatz digitaler Medien an Schulen.<\\\/p>\\n\n\n<p>Die Vermittlung praxisgerechter und pa\\u0308dagogischer Lernkonzepte fu\\u0308r das digitale Klassenzimmer sowie der pa\\u0308dagogische Nutzen von digitalen Gera\\u0308ten stehen dabei im Fokus der Schulungen.<\\\/p>\\n\n\n<p>Fu\\u0308r IT-Verantwortliche bietet EDU Academy ein massgeschneidertes Angebot an technischen Schulungen fu\\u0308r die Produkte von Education Cloud, wie z.B. EDU Server oder EDU Control an.<\\\/p>\"}}]},{\"type\":\"column\",\"props\":{\"image_position\":\"center-center\",\"media_overlay_gradient\":\"\",\"width_medium\":\"1-3\"},\"children\":[{\"type\":\"image\",\"props\":{\"margin\":\"default\",\"image_svg_color\":\"emphasis\",\"image\":\"wp-content\\\/uploads\\\/2020\\\/08\\\/EDU_Academy_P.png\",\"image_alt\":\"K\\u00fcnstlerische Darstellung Gruppe von Sch\\u00fclerinnen und Sch\\u00fcler\"}}]}]},{\"type\":\"row\",\"props\":{\"layout\":\"1-2,1-2\"},\"children\":[{\"type\":\"column\",\"props\":{\"image_position\":\"center-center\",\"media_overlay_gradient\":\"\",\"width_medium\":\"1-2\"},\"children\":[{\"type\":\"headline\",\"props\":{\"title_element\":\"h1\",\"content\":\"Merkmale EDU Academy\",\"title_decoration\":\"bullet\",\"title_color\":\"secondary\",\"title_style\":\"h2\"}}]},{\"type\":\"column\",\"props\":{\"image_position\":\"center-center\",\"media_overlay_gradient\":\"\",\"width_medium\":\"1-2\"},\"children\":[{\"type\":\"list\",\"props\":{\"show_image\":true,\"show_link\":true,\"list_element\":\"ul\",\"column_breakpoint\":\"m\",\"image_svg_color\":\"emphasis\",\"image_align\":\"left\",\"image_vertical_align\":false},\"children\":[{\"type\":\"list_item\",\"props\":{\"content\":\"\n\n<p>Spezifisches Angebot an p\\u00e4dagogischen Schulungen f\\u00fcr Lehrpersonen f\\u00fcr den Einsatz digitaler Medien an schulen<\\\/p>\",\"icon\":\"check\"}},{\"type\":\"list_item\",\"props\":{\"content\":\"\n\n<p>Spezifisches Angebot an technischen Schulungen f\\u00fcr IT-Verantwortliche f\\u00fcr die Produktpalette von Education Cloud<\\\/p>\",\"icon\":\"check\"}},{\"type\":\"list_item\",\"props\":{\"content\":\"\n\n<p>Schulungsangebot umfasst Pr\\u00e4senzveranstaltungen sowie auch Online-Schulungen<\\\/p>\",\"icon\":\"check\"}},{\"type\":\"list_item\",\"props\":{\"content\":\"\n\n<p>Pr\\u00e4senzveranstaltungen halb- oder ganzt\\u00e4tig<\\\/p>\",\"icon\":\"check\"}},{\"type\":\"list_item\",\"props\":{\"content\":\"\n\n<p>Digitale Klassenzimmer zu Demonstrationszwecken an ausgew\\u00e4hlten Standorten in der Schweiz und in Deutschland<\\\/p>\",\"icon\":\"check\"}}]}]}]},{\"type\":\"row\",\"children\":[{\"type\":\"column\",\"props\":{\"image_position\":\"center-center\",\"media_overlay_gradient\":\"\"},\"children\":[{\"type\":\"text\",\"props\":{\"margin\":\"default\",\"column_breakpoint\":\"m\",\"content\":\"\n\n<p>Gerne beraten wir Sie zum Produkt EDU Academy und seinen Vorteilen sowie dem weiteren Produktportfolio von Education Cloud.<\\\/p>\\n\n\n<p>Kontaktieren Sie uns: <strong><a href=\\\"mailto:info@education-cloud.eu\\\">info@education-cloud.eu<\\\/a><\\\/strong><\\\/p>\",\"text_style\":\"lead\",\"text_color\":\"secondary\"}}]}]},{\"type\":\"row\",\"children\":[{\"type\":\"column\",\"props\":{\"image_position\":\"center-center\",\"media_overlay_gradient\":\"\"},\"children\":[{\"type\":\"button\",\"props\":{\"grid_column_gap\":\"small\",\"grid_row_gap\":\"small\",\"margin\":\"default\",\"fullwidth\":false},\"children\":[{\"type\":\"button_item\",\"props\":{\"link_title\":\"EDU Academy\",\"link\":\"wp-content\\\/uploads\\\/2020\\\/08\\\/EDU-Academy.pdf\",\"content\":\"PDF\",\"icon\":\"file-pdf\",\"link_target\":\"blank\",\"button_style\":\"secondary\",\"icon_align\":\"left\"}}]}]}]},{\"type\":\"row\",\"children\":[{\"type\":\"column\",\"props\":{\"image_position\":\"center-center\",\"media_overlay_gradient\":\"\"},\"children\":[{\"type\":\"text\",\"props\":{\"margin\":\"default\",\"column_breakpoint\":\"m\",\"content\":\"\n\n<p><strong>Thema Datenschutz im digitalen Klassenzimmer:<\\\/strong><\\\/p>\",\"text_style\":\"lead\",\"text_color\":\"secondary\"}},{\"type\":\"button\",\"props\":{\"grid_column_gap\":\"small\",\"grid_row_gap\":\"small\",\"margin\":\"default\",\"fullwidth\":false},\"children\":[{\"type\":\"button_item\",\"props\":{\"link_title\":\"Datenschutz vs. Datensicherheit\",\"link\":\"https:\\\/\\\/www.education-cloud.eu\\\/?p=1837\",\"content\":\"Datenschutz vs. Datensicherheit\",\"icon\":\"\",\"button_style\":\"secondary\",\"icon_align\":\"left\"}},{\"type\":\"button_item\",\"props\":{\"link_title\":\"Datenschutz vs. Datensicherheit\",\"link\":\"https:\\\/\\\/www.education-cloud.eu\\\/wp-content\\\/uploads\\\/2020\\\/09\\\/Dossier-Digitalisierung-und-Datenschutz-DSGVO-DSG.pdf\",\"content\":\"Dossier Digitalisierung und Datenschutz\",\"icon\":\"file-pdf\",\"button_style\":\"secondary\",\"icon_align\":\"left\",\"link_target\":\"blank\"}},{\"type\":\"button_item\",\"props\":{\"link_title\":\"Digitaler Schulalltag\",\"link\":\"https:\\\/\\\/www.education-cloud.eu\\\/wp-content\\\/uploads\\\/2020\\\/10\\\/Digitaler-Schulalltag-Herausforderungen-Education-Cloud.pdf\",\"content\":\"Digitaler Schulalltag\",\"icon\":\"file-pdf\",\"button_style\":\"secondary\",\"icon_align\":\"left\",\"link_target\":\"blank\"}},{\"type\":\"button_item\",\"props\":{\"link_title\":\"EuGH erkl\\u00e4rt Privacy-Shield-Abkommen f\\u00fcr ung\\u00fcltig\",\"link\":\"https:\\\/\\\/www.education-cloud.eu\\\/?p=2623\",\"content\":\"EuGH erkl\\u00e4rt Privacy-Shield-Abkommen f\\u00fcr ung\\u00fcltig\",\"icon\":\"\",\"button_style\":\"secondary\",\"icon_align\":\"left\"}},{\"type\":\"button_item\",\"props\":{\"link_title\":\"Tablets, Tablets und nochmals Tablets\",\"link\":\"https:\\\/\\\/www.education-cloud.eu\\\/?p=2675\",\"content\":\"Tablets, Tablets und nochmals Tablets\",\"icon\":\"\",\"button_style\":\"secondary\",\"icon_align\":\"left\"}}]}]}]}]}],\"version\":\"2.1.1\"} --><\/p>\n","protected":false},"excerpt":{"rendered":"<p>Pa\u0308dagogisches und technisches Schulungsangebot fu\u0308r Lehrpersonen und IT-Verantwortliche fu\u0308r den erfolgreichen Einsatz digitaler Medien an Schulen Education Cloud bietet ein umfangreiches Angebot an pa\u0308dagogischen sowie technischen Schulungen an, fu\u0308r den erfolgreichen und effizienten Einsatz digitaler Medien an Schulen. Die Vermittlung praxisgerechter und pa\u0308dagogischer Lernkonzepte fu\u0308r das digitale Klassenzimmer sowie der pa\u0308dagogische Nutzen von digitalen Gera\u0308ten [&hellip;]<\/p>\n","protected":false},"author":1,"featured_media":0,"comment_status":"closed","ping_status":"open","sticky":false,"template":"","format":"standard","meta":{"_acf_changed":false,"footnotes":""},"categories":[30],"tags":[],"class_list":["post-1652","post","type-post","status-publish","format-standard","hentry","category-edu-produkte"],"acf":[],"_links":{"self":[{"href":"https:\/\/www.education-cloud.eu\/index.php?rest_route=\/wp\/v2\/posts\/1652","targetHints":{"allow":["GET"]}}],"collection":[{"href":"https:\/\/www.education-cloud.eu\/index.php?rest_route=\/wp\/v2\/posts"}],"about":[{"href":"https:\/\/www.education-cloud.eu\/index.php?rest_route=\/wp\/v2\/types\/post"}],"author":[{"embeddable":true,"href":"https:\/\/www.education-cloud.eu\/index.php?rest_route=\/wp\/v2\/users\/1"}],"replies":[{"embeddable":true,"href":"https:\/\/www.education-cloud.eu\/index.php?rest_route=%2Fwp%2Fv2%2Fcomments&post=1652"}],"version-history":[{"count":29,"href":"https:\/\/www.education-cloud.eu\/index.php?rest_route=\/wp\/v2\/posts\/1652\/revisions"}],"predecessor-version":[{"id":2974,"href":"https:\/\/www.education-cloud.eu\/index.php?rest_route=\/wp\/v2\/posts\/1652\/revisions\/2974"}],"wp:attachment":[{"href":"https:\/\/www.education-cloud.eu\/index.php?rest_route=%2Fwp%2Fv2%2Fmedia&parent=1652"}],"wp:term":[{"taxonomy":"category","embeddable":true,"href":"https:\/\/www.education-cloud.eu\/index.php?rest_route=%2Fwp%2Fv2%2Fcategories&post=1652"},{"taxonomy":"post_tag","embeddable":true,"href":"https:\/\/www.education-cloud.eu\/index.php?rest_route=%2Fwp%2Fv2%2Ftags&post=1652"}],"curies":[{"name":"wp","href":"https:\/\/api.w.org\/{rel}","templated":true}]}}