{"id":2519,"date":"2020-09-23T15:00:26","date_gmt":"2020-09-23T13:00:26","guid":{"rendered":"https:\/\/www.education-cloud.eu\/?p=2519"},"modified":"2020-10-16T08:13:19","modified_gmt":"2020-10-16T06:13:19","slug":"edu-konferenz-optoma-dokumentenkamera","status":"publish","type":"post","link":"https:\/\/www.education-cloud.eu\/?p=2519","title":{"rendered":"EDU Konferenz &#038; Optoma Dokumentenkamera"},"content":{"rendered":"\n<h3 class=\"wp-block-heading\">Die ideale L\u00f6sung f\u00fcr die Kombination aus Pr\u00e4senzunterricht und Homeschooling<\/h3>\n\n\n\n<p>Auch nach Ende der Sommerferien ist noch immer unklar, wohin der Weg f\u00fcr die Schulen in Deutschland und in der Schweiz im Zuge der Corona-Pandemie f\u00fchren wird.<br><br>Es ist bereits zu vereinzelten&nbsp;Schulschlie\u00dfungen&nbsp;aufgrund von hohen Infektionszahlen in der Sch\u00fclerschaft gekommen; diese Sch\u00fclerinnen und Sch\u00fcler m\u00fcssen nun wieder im Homeschooling unterrichtet werden. Auch an Schulen, die noch von keinen Schlie\u00dfungen betroffen sind, liegt eine R\u00fcckkehr zum normalen Pr\u00e4senzunterricht noch in weiter Ferne. Es ist mehr als wahrscheinlich, dass sich die meisten Schulen auf eine Kombination aus Fern- und Pr\u00e4senzunterricht werden einstellen m\u00fcssen.<\/p>\n\n\n\n<!--more-->\n\n\n\n<figure class=\"wp-block-image size-large\"><img loading=\"lazy\" decoding=\"async\" width=\"1024\" height=\"576\" src=\"https:\/\/www.education-cloud.eu\/wp-content\/uploads\/2020\/08\/News_EDU-Konferenz_Optoma-1024x576.png\" alt=\"K\u00fcnstlerische Darstellung Dokumentenkamera DC554 &amp; EDU Konferenz\" class=\"wp-image-2289\"\/><\/figure>\n\n\n\n<p>\u00abEducation Cloud \u2013 Das digitale Klassenzimmer\u00bb bietet Ihnen hier einen attraktiven L\u00f6sungsansatz: Die Kombination aus einer hochwertigen Dokumentenkamera und unserer DSG- und DSGVO-konformen Videokonferenzl\u00f6sung EDU Konferenz!<\/p>\n\n\n\n<div class=\"wp-block-buttons aligncenter is-layout-flex wp-block-buttons-is-layout-flex\">\n<div class=\"wp-block-button is-style-fill\"><a class=\"wp-block-button__link has-text-color has-background\" href=\"https:\/\/www.education-cloud.eu\/?p=2281\" style=\"background-color:#0d375c;color:#f27316\" rel=\"Angebot\">mehr Informationen<\/a><\/div>\n<\/div>\n\n\n\n<p><\/p>\n","protected":false},"excerpt":{"rendered":"<p>Die ideale L\u00f6sung f\u00fcr die Kombination aus Pr\u00e4senzunterricht und Homeschooling Auch nach Ende der Sommerferien ist noch immer unklar, wohin der Weg f\u00fcr die Schulen in Deutschland und in der Schweiz im Zuge der Corona-Pandemie f\u00fchren wird. Es ist bereits zu vereinzelten&nbsp;Schulschlie\u00dfungen&nbsp;aufgrund von hohen Infektionszahlen in der Sch\u00fclerschaft gekommen; diese Sch\u00fclerinnen und Sch\u00fcler m\u00fcssen nun [&hellip;]<\/p>\n","protected":false},"author":6,"featured_media":0,"comment_status":"closed","ping_status":"open","sticky":false,"template":"","format":"standard","meta":{"_acf_changed":false,"footnotes":""},"categories":[2,27],"tags":[],"class_list":["post-2519","post","type-post","status-publish","format-standard","hentry","category-trends","category-produkte"],"acf":[],"_links":{"self":[{"href":"https:\/\/www.education-cloud.eu\/index.php?rest_route=\/wp\/v2\/posts\/2519","targetHints":{"allow":["GET"]}}],"collection":[{"href":"https:\/\/www.education-cloud.eu\/index.php?rest_route=\/wp\/v2\/posts"}],"about":[{"href":"https:\/\/www.education-cloud.eu\/index.php?rest_route=\/wp\/v2\/types\/post"}],"author":[{"embeddable":true,"href":"https:\/\/www.education-cloud.eu\/index.php?rest_route=\/wp\/v2\/users\/6"}],"replies":[{"embeddable":true,"href":"https:\/\/www.education-cloud.eu\/index.php?rest_route=%2Fwp%2Fv2%2Fcomments&post=2519"}],"version-history":[{"count":7,"href":"https:\/\/www.education-cloud.eu\/index.php?rest_route=\/wp\/v2\/posts\/2519\/revisions"}],"predecessor-version":[{"id":2669,"href":"https:\/\/www.education-cloud.eu\/index.php?rest_route=\/wp\/v2\/posts\/2519\/revisions\/2669"}],"wp:attachment":[{"href":"https:\/\/www.education-cloud.eu\/index.php?rest_route=%2Fwp%2Fv2%2Fmedia&parent=2519"}],"wp:term":[{"taxonomy":"category","embeddable":true,"href":"https:\/\/www.education-cloud.eu\/index.php?rest_route=%2Fwp%2Fv2%2Fcategories&post=2519"},{"taxonomy":"post_tag","embeddable":true,"href":"https:\/\/www.education-cloud.eu\/index.php?rest_route=%2Fwp%2Fv2%2Ftags&post=2519"}],"curies":[{"name":"wp","href":"https:\/\/api.w.org\/{rel}","templated":true}]}}