{"id":3685,"date":"2021-02-03T15:31:31","date_gmt":"2021-02-03T14:31:31","guid":{"rendered":"https:\/\/www.education-cloud.eu\/?p=3685"},"modified":"2021-02-03T16:00:10","modified_gmt":"2021-02-03T15:00:10","slug":"edu-control-fact-sheet","status":"publish","type":"post","link":"https:\/\/www.education-cloud.eu\/?p=3685","title":{"rendered":"EDU Control &#8211; Fact Sheet"},"content":{"rendered":"\n<h3 class=\"wp-block-heading\">Das Mobile Device Management System, das einfach zu bedienen ist und speziell f\u00fcr den Einsatz in Bildungseinrichtungen entwickelt wurde<\/h3>\n\n\n\n<p>Die zentrale Administration und das Management der digitalen Endger\u00e4te sind heute entscheidend f\u00fcr deren sicheren, effizienten und effektiven Einsatz in Bildungseinrichtungen.<\/p>\n\n\n\n<!--more-->\n\n\n\n<h4 class=\"wp-block-heading\">Ausgangslage<\/h4>\n\n\n\n<ul class=\"wp-block-list\"><li>Stark steigende Anzahl an digitalen Endger\u00e4ten wie Tablets und Laptops an Schulen<\/li><li>Oft kein technisch-p\u00e4dagogisches Einsatzkonzept vorhanden wie digitale Ger\u00e4te eingesetzt werden sollen<\/li><li>Setup und Konfiguration der digitalen Ger\u00e4te oft nicht einheitlich, was den schulischen Einsatz erschwert<\/li><li>Interne Schul-IT verf\u00fcgt oft nicht \u00fcber gen\u00fcgend freie&nbsp;Kapazit\u00e4ten<\/li><\/ul>\n\n\n\n<h4 class=\"wp-block-heading\">Wichtige Punkte, die es zu beachten gilt bei der Digitalisierung von Schulen<\/h4>\n\n\n\n<ul class=\"wp-block-list\"><li>Ist die digitale Aufsichtspflicht gew\u00e4hrleistetet?<\/li><li>Sind die getroffenen IT-Ma\u00dfnahmen systemoffen ausgelegt oder gibt es Abh\u00e4ngigkeiten vom gew\u00e4hlten Betriebssystem?<\/li><li>F\u00fcr die Umsetzung eines funktionierenden digitalen Klassenzimmers m\u00fcssen die digitalen Ger\u00e4te verwaltet werden<\/li><\/ul>\n\n\n\n<h4 class=\"wp-block-heading\">EDU Control &#8211; Die L\u00f6sung f\u00fcr das digitale Klassenzimmer<\/h4>\n\n\n\n<ul class=\"wp-block-list\"><li>Zentrales Produkt f\u00fcr die Verwaltung von digitalen Ger\u00e4ten und der Entstehung des digitalen Klassenzimmers<\/li><li>Kompatibel mit allen g\u00e4ngigen Betriebssystemen (Windows, Android, iOS\/MacOS, Linux) und f\u00f6rdert somit die Investitionssicherheit der Bildungseinrichtung<\/li><li>Wieso sollen\/m\u00fcssen digitale Ger\u00e4te verwaltet werden?<ul><li>Schule hat die digitale Aufsichtspflicht \u00fcber die Nutzung der Ger\u00e4te<\/li><li>Zentrale Steuerung und Verteilung von Updates, neuen Programmen und Apps<\/li><li>Ger\u00e4te bereit machen f\u00fcr den Unterricht, keine Unterbrechungen z.B. durch ungewollte Updates<\/li><li>Ersatzger\u00e4te k\u00f6nnen sofort eingesetzt werden<\/li><\/ul><\/li><li>Die einzigartige und speziell f\u00fcr Lehrpersonen entwickelte Oberfl\u00e4che erm\u00f6glicht es, EDU Control einfach und sicher zu bedienen und zeitgleich die interne Schul-IT zu entlasten<\/li><li>Mit EDU Control k\u00f6nnen Standardprofile und f\u00e4cherspezifische Profile erstellt und auf den digitalen Ger\u00e4ten angewendet werden; damit entscheiden die Bildungseinrichtung bzw. Lehrperson welche Programme und Apps wann benutzt werden k\u00f6nnen<\/li><\/ul>\n\n\n\n<div class=\"wp-block-image\"><figure class=\"aligncenter size-large\"><img decoding=\"async\" src=\"https:\/\/www.education-cloud.eu\/wp-content\/uploads\/2021\/02\/EDU-Control-Profilvorlagen-1024x595.png\" alt=\"\" class=\"wp-image-3691\"\/><\/figure><\/div>\n\n\n\n<div class=\"wp-block-image\"><figure class=\"aligncenter size-large\"><img loading=\"lazy\" decoding=\"async\" width=\"799\" height=\"569\" src=\"https:\/\/www.education-cloud.eu\/wp-content\/uploads\/2021\/02\/EDU-Control-Profilbeschreibung_01.png\" alt=\"\" class=\"wp-image-3689\" srcset=\"https:\/\/www.education-cloud.eu\/wp-content\/uploads\/2021\/02\/EDU-Control-Profilbeschreibung_01.png 799w, https:\/\/www.education-cloud.eu\/wp-content\/uploads\/2021\/02\/EDU-Control-Profilbeschreibung_01-300x214.png 300w, https:\/\/www.education-cloud.eu\/wp-content\/uploads\/2021\/02\/EDU-Control-Profilbeschreibung_01-768x547.png 768w\" sizes=\"auto, (max-width: 799px) 100vw, 799px\" \/><\/figure><\/div>\n\n\n\n<ul class=\"wp-block-list\"><li>Die Lehrperson hat stets den \u00dcberblick welche Sch\u00fclerin und welcher Sch\u00fcler on- bzw. offline ist<\/li><\/ul>\n\n\n\n<div class=\"wp-block-image\"><figure class=\"aligncenter size-large\"><img loading=\"lazy\" decoding=\"async\" width=\"1024\" height=\"708\" src=\"https:\/\/www.education-cloud.eu\/wp-content\/uploads\/2021\/02\/EDU-Control-Klassenlisten_02-1024x708.png\" alt=\"\" class=\"wp-image-3694\" srcset=\"https:\/\/www.education-cloud.eu\/wp-content\/uploads\/2021\/02\/EDU-Control-Klassenlisten_02-1024x708.png 1024w, https:\/\/www.education-cloud.eu\/wp-content\/uploads\/2021\/02\/EDU-Control-Klassenlisten_02-300x207.png 300w, https:\/\/www.education-cloud.eu\/wp-content\/uploads\/2021\/02\/EDU-Control-Klassenlisten_02-768x531.png 768w, https:\/\/www.education-cloud.eu\/wp-content\/uploads\/2021\/02\/EDU-Control-Klassenlisten_02.png 1401w\" sizes=\"auto, (max-width: 1024px) 100vw, 1024px\" \/><\/figure><\/div>\n\n\n\n<ul class=\"wp-block-list\"><li>EDU Control unterst\u00fctzt die Bildungseinrichtung bei der Einhaltung der digitalen Aufsichtspflicht<\/li><li>EDU Control ist auch im Homeschooling anwendbar<\/li><li>Durch die M\u00f6glichkeit der Kopplung an WebUNTIS kann der Profilwechsel anhand des Stundenplans automatisiert werden<\/li><li>EDU Control kann erweitert werden mit externen Klassenraumsteuerungen f\u00fcr Funktionen wie Screensharing und die&nbsp;Verteilung von Dateien<\/li><li>EDU Control liefert die Grundlage der Infrastruktur f\u00fcr das digitale Klassenzimmer<\/li><li>Bildlich gesprochen sind mit EDU Control nur jene B\u00fccher und Unterlagen auf dem Tisch, welche auch wirklich nur f\u00fcr den aktuellen Schulunterricht ben\u00f6tigt werden. Somit kann der Unterricht effizient und sicher gestaltet werden<\/li><\/ul>\n\n\n\n<p class=\"has-text-align-center\"><strong>Wir bieten massgeschneiderte L\u00f6sungen an, egal, ob nur einzelne Tablets genutzt werden oder die ganze Schule vernetzt wird.<\/strong><\/p>\n\n\n\n<div class=\"wp-block-buttons aligncenter is-layout-flex wp-block-buttons-is-layout-flex\">\n<div class=\"wp-block-button\"><a class=\"wp-block-button__link has-text-color has-background\" href=\"https:\/\/www.education-cloud.eu\/wp-content\/uploads\/2021\/02\/EDU-Control-Fact-Sheet.pdf\" style=\"background-color:#0d375c;color:#f27316\" target=\"_blank\" rel=\"noreferrer noopener\">PDF EDU Control Fact Sheet<\/a><\/div>\n\n\n\n<div class=\"wp-block-button\"><a class=\"wp-block-button__link has-text-color has-background\" href=\"https:\/\/www.education-cloud.eu\/?p=1641\" style=\"background-color:#0d375c;color:#f27316\">EDU Control Produktseite<\/a><\/div>\n<\/div>\n\n\n\n<div class=\"wp-block-image\"><figure class=\"aligncenter size-large\"><img loading=\"lazy\" decoding=\"async\" width=\"1024\" height=\"459\" src=\"https:\/\/www.education-cloud.eu\/wp-content\/uploads\/2021\/02\/Logo_Schrift_schwarz_DE-1024x459.png\" alt=\"\" class=\"wp-image-3697\" srcset=\"https:\/\/www.education-cloud.eu\/wp-content\/uploads\/2021\/02\/Logo_Schrift_schwarz_DE-1024x459.png 1024w, https:\/\/www.education-cloud.eu\/wp-content\/uploads\/2021\/02\/Logo_Schrift_schwarz_DE-300x135.png 300w, https:\/\/www.education-cloud.eu\/wp-content\/uploads\/2021\/02\/Logo_Schrift_schwarz_DE-768x345.png 768w, https:\/\/www.education-cloud.eu\/wp-content\/uploads\/2021\/02\/Logo_Schrift_schwarz_DE-1536x689.png 1536w, https:\/\/www.education-cloud.eu\/wp-content\/uploads\/2021\/02\/Logo_Schrift_schwarz_DE-2048x919.png 2048w\" sizes=\"auto, (max-width: 1024px) 100vw, 1024px\" \/><\/figure><\/div>\n\n\n\n<div class=\"wp-block-image\"><figure class=\"aligncenter size-large\"><img loading=\"lazy\" decoding=\"async\" width=\"1024\" height=\"457\" src=\"https:\/\/www.education-cloud.eu\/wp-content\/uploads\/2020\/07\/Klassenzimmer_voll-1024x457.png\" alt=\"\" class=\"wp-image-2061\" srcset=\"https:\/\/www.education-cloud.eu\/wp-content\/uploads\/2020\/07\/Klassenzimmer_voll-1024x457.png 1024w, https:\/\/www.education-cloud.eu\/wp-content\/uploads\/2020\/07\/Klassenzimmer_voll-300x134.png 300w, https:\/\/www.education-cloud.eu\/wp-content\/uploads\/2020\/07\/Klassenzimmer_voll-768x343.png 768w, https:\/\/www.education-cloud.eu\/wp-content\/uploads\/2020\/07\/Klassenzimmer_voll-1536x686.png 1536w, https:\/\/www.education-cloud.eu\/wp-content\/uploads\/2020\/07\/Klassenzimmer_voll.png 1920w\" sizes=\"auto, (max-width: 1024px) 100vw, 1024px\" \/><\/figure><\/div>\n","protected":false},"excerpt":{"rendered":"<p>Das Mobile Device Management System, das einfach zu bedienen ist und speziell f\u00fcr den Einsatz in Bildungseinrichtungen entwickelt wurde Die zentrale Administration und das Management der digitalen Endger\u00e4te sind heute entscheidend f\u00fcr deren sicheren, effizienten und effektiven Einsatz in Bildungseinrichtungen.<\/p>\n","protected":false},"author":6,"featured_media":0,"comment_status":"closed","ping_status":"open","sticky":false,"template":"","format":"standard","meta":{"_acf_changed":false,"footnotes":""},"categories":[2,27,29],"tags":[],"class_list":["post-3685","post","type-post","status-publish","format-standard","hentry","category-trends","category-produkte","category-news"],"acf":[],"_links":{"self":[{"href":"https:\/\/www.education-cloud.eu\/index.php?rest_route=\/wp\/v2\/posts\/3685","targetHints":{"allow":["GET"]}}],"collection":[{"href":"https:\/\/www.education-cloud.eu\/index.php?rest_route=\/wp\/v2\/posts"}],"about":[{"href":"https:\/\/www.education-cloud.eu\/index.php?rest_route=\/wp\/v2\/types\/post"}],"author":[{"embeddable":true,"href":"https:\/\/www.education-cloud.eu\/index.php?rest_route=\/wp\/v2\/users\/6"}],"replies":[{"embeddable":true,"href":"https:\/\/www.education-cloud.eu\/index.php?rest_route=%2Fwp%2Fv2%2Fcomments&post=3685"}],"version-history":[{"count":8,"href":"https:\/\/www.education-cloud.eu\/index.php?rest_route=\/wp\/v2\/posts\/3685\/revisions"}],"predecessor-version":[{"id":3702,"href":"https:\/\/www.education-cloud.eu\/index.php?rest_route=\/wp\/v2\/posts\/3685\/revisions\/3702"}],"wp:attachment":[{"href":"https:\/\/www.education-cloud.eu\/index.php?rest_route=%2Fwp%2Fv2%2Fmedia&parent=3685"}],"wp:term":[{"taxonomy":"category","embeddable":true,"href":"https:\/\/www.education-cloud.eu\/index.php?rest_route=%2Fwp%2Fv2%2Fcategories&post=3685"},{"taxonomy":"post_tag","embeddable":true,"href":"https:\/\/www.education-cloud.eu\/index.php?rest_route=%2Fwp%2Fv2%2Ftags&post=3685"}],"curies":[{"name":"wp","href":"https:\/\/api.w.org\/{rel}","templated":true}]}}