{"id":4930,"date":"2022-03-16T11:33:02","date_gmt":"2022-03-16T10:33:02","guid":{"rendered":"https:\/\/www.education-cloud.eu\/?p=4930"},"modified":"2022-03-16T12:06:39","modified_gmt":"2022-03-16T11:06:39","slug":"in-eigener-sache-herzlich-willkommen-rolf-liedgens","status":"publish","type":"post","link":"https:\/\/www.education-cloud.eu\/?p=4930","title":{"rendered":"In eigener Sache: Herzlich willkommen Rolf Liedgens"},"content":{"rendered":"\n<h3 class=\"wp-block-heading\">Rolf Liedgens, ehemaliger Serviceleiter ELMO (DACH-Region), verst\u00e4rkt ab sofort das Team von Education Cloud<\/h3>\n\n\n\n<p>Wir freuen uns Rolf Liedgens bei uns im Team von Education Cloud begr\u00fcssen zu d\u00fcrfen.<\/p>\n\n\n\n<p>Als ehemaliger Serviceleiter bei der Firma ELMO f\u00fcr die gesamte DACH-Region k\u00f6nnen wir mit Rolf Liedgens auf ein gro\u00dfes und kompetentes Wissen im Bereich Dokumentenkamera zur\u00fcckgreifen welches uns erlaubt unsere Serviceleistungen nochmals zu verbessern. <\/p>\n\n\n\n<!--more-->\n\n\n\n<p>Rolf Liedgens war ma\u00dfgeblich am Erfolg von ELMO in Europa beteiligt und wir freuen uns mit Hilfe seines Know-How den Marktanteil der <a href=\"https:\/\/www.education-cloud.eu\/?p=2983\">Dokumentenkameras von Optoma<\/a> weiter auszubauen.<\/p>\n\n\n\n<div class=\"wp-block-image\"><figure class=\"aligncenter size-large\"><img loading=\"lazy\" decoding=\"async\" width=\"500\" height=\"667\" src=\"https:\/\/www.education-cloud.eu\/wp-content\/uploads\/2022\/03\/Profilbild_01.jpg\" alt=\"\" class=\"wp-image-4932\" srcset=\"https:\/\/www.education-cloud.eu\/wp-content\/uploads\/2022\/03\/Profilbild_01.jpg 500w, https:\/\/www.education-cloud.eu\/wp-content\/uploads\/2022\/03\/Profilbild_01-225x300.jpg 225w\" sizes=\"auto, (max-width: 500px) 100vw, 500px\" \/><\/figure><\/div>\n\n\n\n<p>Mit seiner langj\u00e4hrigen Erfahrung und den umfassenden Kenntnissen, die er sich in unterschiedlichen T\u00e4tigkeitsfeldern im Bildungsbereich erworben hat, ist Rolf Liedgens eine gro\u00dfe Bereicherung f\u00fcr das Team von Education Cloud.<\/p>\n\n\n\n<p>Treffen Sie Rolf Liedgens auf unserem Stand an der diesj\u00e4hrigen <strong>Didacta Bildungsmesse in K\u00f6ln vom 7. Bis 11. Juni 2022<\/strong> und vereinbaren Sie bereits heute einen Termin unter: <a href=\"mailto:info@education-cloud.eu\">info@education-cloud.eu<\/a>.<\/p>\n","protected":false},"excerpt":{"rendered":"<p>Rolf Liedgens, ehemaliger Serviceleiter ELMO (DACH-Region), verst\u00e4rkt ab sofort das Team von Education Cloud Wir freuen uns Rolf Liedgens bei uns im Team von Education Cloud begr\u00fcssen zu d\u00fcrfen. Als ehemaliger Serviceleiter bei der Firma ELMO f\u00fcr die gesamte DACH-Region k\u00f6nnen wir mit Rolf Liedgens auf ein gro\u00dfes und kompetentes Wissen im Bereich Dokumentenkamera zur\u00fcckgreifen [&hellip;]<\/p>\n","protected":false},"author":6,"featured_media":0,"comment_status":"closed","ping_status":"open","sticky":false,"template":"","format":"standard","meta":{"_acf_changed":false,"footnotes":""},"categories":[2,29],"tags":[],"class_list":["post-4930","post","type-post","status-publish","format-standard","hentry","category-trends","category-news"],"acf":[],"_links":{"self":[{"href":"https:\/\/www.education-cloud.eu\/index.php?rest_route=\/wp\/v2\/posts\/4930","targetHints":{"allow":["GET"]}}],"collection":[{"href":"https:\/\/www.education-cloud.eu\/index.php?rest_route=\/wp\/v2\/posts"}],"about":[{"href":"https:\/\/www.education-cloud.eu\/index.php?rest_route=\/wp\/v2\/types\/post"}],"author":[{"embeddable":true,"href":"https:\/\/www.education-cloud.eu\/index.php?rest_route=\/wp\/v2\/users\/6"}],"replies":[{"embeddable":true,"href":"https:\/\/www.education-cloud.eu\/index.php?rest_route=%2Fwp%2Fv2%2Fcomments&post=4930"}],"version-history":[{"count":7,"href":"https:\/\/www.education-cloud.eu\/index.php?rest_route=\/wp\/v2\/posts\/4930\/revisions"}],"predecessor-version":[{"id":4947,"href":"https:\/\/www.education-cloud.eu\/index.php?rest_route=\/wp\/v2\/posts\/4930\/revisions\/4947"}],"wp:attachment":[{"href":"https:\/\/www.education-cloud.eu\/index.php?rest_route=%2Fwp%2Fv2%2Fmedia&parent=4930"}],"wp:term":[{"taxonomy":"category","embeddable":true,"href":"https:\/\/www.education-cloud.eu\/index.php?rest_route=%2Fwp%2Fv2%2Fcategories&post=4930"},{"taxonomy":"post_tag","embeddable":true,"href":"https:\/\/www.education-cloud.eu\/index.php?rest_route=%2Fwp%2Fv2%2Ftags&post=4930"}],"curies":[{"name":"wp","href":"https:\/\/api.w.org\/{rel}","templated":true}]}}