{"id":6188,"date":"2023-09-19T14:27:43","date_gmt":"2023-09-19T12:27:43","guid":{"rendered":"https:\/\/www.education-cloud.eu\/?p=6188"},"modified":"2023-09-19T14:34:42","modified_gmt":"2023-09-19T12:34:42","slug":"education-cloud-auf-der-knobel-hausmesse-education-loesungen-am-27-28-09-23","status":"publish","type":"post","link":"https:\/\/www.education-cloud.eu\/?p=6188","title":{"rendered":"Education Cloud auf der Knobel Hausmesse \u00abEducation L\u00f6sungen\u00bb in Sins am 27. &#038; 28.09.23"},"content":{"rendered":"\n<h3 class=\"wp-block-heading\">Am Mittwoch, 27. und Donnerstag, 28. September 2023 erwartet Sie eine geballte Ladung Kompetenz f\u00fcr den ganzen Bildungssektor!<\/h3>\n\n\n\n<p>In den Ausstellungs- und Produktionsr\u00e4umen \u201eGesamtl\u00f6sungen\u201c unseres Partners Knobel Schuleinrichtungen AG in Sins werden Gesamtl\u00f6sungen rund um ICT im Klassenzimmer und M\u00f6blierungsl\u00f6sungen f\u00fcr den Lebensraum Schule gezeigt.<\/p>\n\n\n\n<!--more-->\n\n\n\n<p>Neben der Pr\u00e4sentation von innovativen L\u00f6sungen f\u00fcr den modernen Unterricht werden auf der Hausmesse lehrreiche Workshops rund um die Digitalisierung der Bildung angeboten.<\/p>\n\n\n\n<p>Education Cloud wird mit <a href=\"https:\/\/www.education-cloud.eu\/?p=1653\">EDU Portal<\/a> und <a href=\"https:\/\/www.education-cloud.eu\/?p=1641\">EDU Control<\/a> vor Ort pr\u00e4sent sein.<\/p>\n\n\n\n<figure class=\"wp-block-image size-large\"><img loading=\"lazy\" decoding=\"async\" width=\"1000\" height=\"350\" src=\"https:\/\/www.education-cloud.eu\/wp-content\/uploads\/2023\/09\/knobel_schuleinrichtungen_sins_innen_aussen_9047-1000x350-1.jpg\" alt=\"\" class=\"wp-image-6196\" srcset=\"https:\/\/www.education-cloud.eu\/wp-content\/uploads\/2023\/09\/knobel_schuleinrichtungen_sins_innen_aussen_9047-1000x350-1.jpg 1000w, https:\/\/www.education-cloud.eu\/wp-content\/uploads\/2023\/09\/knobel_schuleinrichtungen_sins_innen_aussen_9047-1000x350-1-300x105.jpg 300w, https:\/\/www.education-cloud.eu\/wp-content\/uploads\/2023\/09\/knobel_schuleinrichtungen_sins_innen_aussen_9047-1000x350-1-768x269.jpg 768w\" sizes=\"auto, (max-width: 1000px) 100vw, 1000px\" \/><\/figure>\n\n\n\n<p>Wir zeigen das ganze Spektrum an interaktiven Unterrichtsm\u00f6glichkeiten und verschaffen Ihnen einen \u00dcberblick aktueller L\u00f6sungen f\u00fcr den Bildungsbereich. In aller Ruhe k\u00f6nnen Sie vor Ort testen, vergleichen und Fragen stellen.<\/p>\n\n\n\n<p>Hat es\u00a0Hunger und Durst\u00a0gegeben? Gerne verk\u00f6stigt Sie das Knobel-Team nach dem Rundgang in dem neuen Time-Out Raum.<\/p>\n\n\n\n<p>Damit wir f\u00fcr Sie gen\u00fcgend Zeit einplanen k\u00f6nnen, bitten wir um vorg\u00e4ngige Anmeldung mit der ungef\u00e4hren Zeitangabe Ihres Besuches. Die Teilnehmeranzahl ist begrenzt.<\/p>\n\n\n\n<p><strong>Die Hausmesse ist an beiden Tagen von 9.00 bis 18.00 Uhr ge\u00f6ffnet.<\/strong><\/p>\n\n\n\n<div class=\"wp-block-buttons is-content-justification-center is-layout-flex wp-block-buttons-is-layout-flex\">\n<div class=\"wp-block-button\"><a class=\"wp-block-button__link has-text-color has-background\" href=\"https:\/\/www.knobel.ch\/anlass\/knobel-hausmesse-2023\/\" style=\"background-color:#0d375c;color:#f27316\" target=\"_blank\" rel=\"noreferrer noopener\"><strong>Mehr Informationen und Anmeldung<\/strong><\/a><\/div>\n<\/div>\n\n\n\n<p><strong>Wir freuen uns auf Ihren Besuch!<\/strong><\/p>\n","protected":false},"excerpt":{"rendered":"<p>Am Mittwoch, 27. und Donnerstag, 28. September 2023 erwartet Sie eine geballte Ladung Kompetenz f\u00fcr den ganzen Bildungssektor! In den Ausstellungs- und Produktionsr\u00e4umen \u201eGesamtl\u00f6sungen\u201c unseres Partners Knobel Schuleinrichtungen AG in Sins werden Gesamtl\u00f6sungen rund um ICT im Klassenzimmer und M\u00f6blierungsl\u00f6sungen f\u00fcr den Lebensraum Schule gezeigt.<\/p>\n","protected":false},"author":6,"featured_media":0,"comment_status":"closed","ping_status":"open","sticky":false,"template":"","format":"standard","meta":{"_acf_changed":false,"footnotes":""},"categories":[4,29],"tags":[],"class_list":["post-6188","post","type-post","status-publish","format-standard","hentry","category-veranstaltungen","category-news"],"acf":[],"_links":{"self":[{"href":"https:\/\/www.education-cloud.eu\/index.php?rest_route=\/wp\/v2\/posts\/6188","targetHints":{"allow":["GET"]}}],"collection":[{"href":"https:\/\/www.education-cloud.eu\/index.php?rest_route=\/wp\/v2\/posts"}],"about":[{"href":"https:\/\/www.education-cloud.eu\/index.php?rest_route=\/wp\/v2\/types\/post"}],"author":[{"embeddable":true,"href":"https:\/\/www.education-cloud.eu\/index.php?rest_route=\/wp\/v2\/users\/6"}],"replies":[{"embeddable":true,"href":"https:\/\/www.education-cloud.eu\/index.php?rest_route=%2Fwp%2Fv2%2Fcomments&post=6188"}],"version-history":[{"count":8,"href":"https:\/\/www.education-cloud.eu\/index.php?rest_route=\/wp\/v2\/posts\/6188\/revisions"}],"predecessor-version":[{"id":6199,"href":"https:\/\/www.education-cloud.eu\/index.php?rest_route=\/wp\/v2\/posts\/6188\/revisions\/6199"}],"wp:attachment":[{"href":"https:\/\/www.education-cloud.eu\/index.php?rest_route=%2Fwp%2Fv2%2Fmedia&parent=6188"}],"wp:term":[{"taxonomy":"category","embeddable":true,"href":"https:\/\/www.education-cloud.eu\/index.php?rest_route=%2Fwp%2Fv2%2Fcategories&post=6188"},{"taxonomy":"post_tag","embeddable":true,"href":"https:\/\/www.education-cloud.eu\/index.php?rest_route=%2Fwp%2Fv2%2Ftags&post=6188"}],"curies":[{"name":"wp","href":"https:\/\/api.w.org\/{rel}","templated":true}]}}