{"id":6215,"date":"2023-11-14T09:10:35","date_gmt":"2023-11-14T08:10:35","guid":{"rendered":"https:\/\/www.education-cloud.eu\/?p=6215"},"modified":"2023-11-16T17:08:36","modified_gmt":"2023-11-16T16:08:36","slug":"digitale-loesungen-von-education-cloud-auf-der-swissdidac-worlddiac-in-bern-vom-21-bis-23-november","status":"publish","type":"post","link":"https:\/\/www.education-cloud.eu\/?p=6215","title":{"rendered":"Digitale L\u00f6sungen von Education Cloud auf der Swissdidac &#038; Worlddiac in Bern vom 21. bis 23. November"},"content":{"rendered":"\n<h3 class=\"wp-block-heading\">Besuchen Sie unsere Partner und uns vor Ort auf dem Gel\u00e4nde der BERNEXPO<\/h3>\n\n\n\n<p>Als wichtigster Branchentreffpunkt der Schweiz behandeln die Swissdidac &amp; Worlddidac Bern bildungsrelevante Themen zielgruppengerecht, bringen Fachleute zusammen und zeigen zukunftsweisende Produkte und Dienstleistungen rund um die Schule von morgen.<\/p>\n\n\n\n<p>Education Cloud ist mit seinen Partnern vor Ort und pr\u00e4sentiert Ihnen L\u00f6sungen rund um das digitale Klassenzimmer.<\/p>\n\n\n\n<!--more-->\n\n\n\n<p>Von der betriebssystem\u00fcbergreifenden Ger\u00e4teverwaltung EDU Control \u00fcber die Kommunikationsplattform EDU Portal bis zur Classroom Management-Software Prowise GO zeigt Ihnen Education Cloud zukunftsorientierte L\u00f6sungen rund um das digitale Klassenzimmer.<\/p>\n\n\n\n<p>Mit Prowise GO erhalten Sie eine plattform\u00fcbergreifende Oberfl\u00e4che, auf der Sie Ihre spezifischen Lerninhalte und Links b\u00fcndeln k\u00f6nnen. Mit dem integrierten Modul &#171;Presenter&#187; gibt es zus\u00e4tzlich eine webbasierte L\u00f6sung f\u00fcr Whiteboards. So k\u00f6nnen Sie unabh\u00e4ngig vom Ger\u00e4t (iOS, Windows, Android, interaktive Displays) arbeiten. Mit Tessa ist es zudem m\u00f6glich, KI-basierte Inhalte f\u00fcr Pr\u00e4sentationen automatisch zu erstellen.<\/p>\n\n\n\n<p>Zus\u00e4tzlich f\u00e4llt auf der diesj\u00e4hrigen Swissdidac &amp; Worlddidac in Bern der Startschuss zur Partnerschaft mit IServ.<\/p>\n\n\n\n<p>Die in Deutschland f\u00fchrende Schulplattform IServ gibt Ihnen alle digitalen Werkzeuge an die Hand, die Sie f\u00fcr Ihren Schulalltag brauchen. Sie verbindet Kommunikation, Organisation, Unterricht, Netzwerk und Schnittstellen zu etablierten Edu-Programmen in einem modularen System.<\/p>\n\n\n\n<div class=\"wp-block-image\"><figure class=\"aligncenter size-large\"><img loading=\"lazy\" decoding=\"async\" width=\"875\" height=\"350\" src=\"https:\/\/www.education-cloud.eu\/wp-content\/uploads\/2023\/09\/vs_81790_22-1-875x350-1.jpg\" alt=\"\" class=\"wp-image-6189\" srcset=\"https:\/\/www.education-cloud.eu\/wp-content\/uploads\/2023\/09\/vs_81790_22-1-875x350-1.jpg 875w, https:\/\/www.education-cloud.eu\/wp-content\/uploads\/2023\/09\/vs_81790_22-1-875x350-1-300x120.jpg 300w, https:\/\/www.education-cloud.eu\/wp-content\/uploads\/2023\/09\/vs_81790_22-1-875x350-1-768x307.jpg 768w\" sizes=\"auto, (max-width: 875px) 100vw, 875px\" \/><\/figure><\/div>\n\n\n\n<p><strong>Besuchen Sie uns auf den St\u00e4nden unserer Partner vom 21. bis 23.11.23:<\/strong><\/p>\n\n\n\n<ul class=\"wp-block-list\"><li>Hunziker AG Thalwil: Halle 2.2, Stand C08<\/li><li>SECOMP AG: Halle 2.2, Stand A09<\/li><li>Knobel Schuleinrichtungen AG: Halle 2.2, Stand B09<\/li><li>mobil Werke AG: Halle 2.2, Stand C10<\/li><\/ul>\n\n\n\n<p>Wir freuen uns auf Ihren Besuch! Alle Informationen zur Swissdidac &amp; Worlddiac finden Sie hier:<\/p>\n\n\n\n<div class=\"wp-block-buttons is-content-justification-center is-layout-flex wp-block-buttons-is-layout-flex\">\n<div class=\"wp-block-button\"><a class=\"wp-block-button__link has-text-color has-background\" href=\"https:\/\/swissdidac-bern.ch\/de\" style=\"background-color:#0d375c;color:#f27316\"><strong>Webseite Swissdidac &amp; Worlddidac<\/strong><\/a><\/div>\n<\/div>\n\n\n\n<p><\/p>\n","protected":false},"excerpt":{"rendered":"<p>Besuchen Sie unsere Partner und uns vor Ort auf dem Gel\u00e4nde der BERNEXPO Als wichtigster Branchentreffpunkt der Schweiz behandeln die Swissdidac &amp; Worlddidac Bern bildungsrelevante Themen zielgruppengerecht, bringen Fachleute zusammen und zeigen zukunftsweisende Produkte und Dienstleistungen rund um die Schule von morgen. Education Cloud ist mit seinen Partnern vor Ort und pr\u00e4sentiert Ihnen L\u00f6sungen rund [&hellip;]<\/p>\n","protected":false},"author":6,"featured_media":0,"comment_status":"closed","ping_status":"open","sticky":false,"template":"","format":"standard","meta":{"_acf_changed":false,"footnotes":""},"categories":[4,29],"tags":[],"class_list":["post-6215","post","type-post","status-publish","format-standard","hentry","category-veranstaltungen","category-news"],"acf":[],"_links":{"self":[{"href":"https:\/\/www.education-cloud.eu\/index.php?rest_route=\/wp\/v2\/posts\/6215","targetHints":{"allow":["GET"]}}],"collection":[{"href":"https:\/\/www.education-cloud.eu\/index.php?rest_route=\/wp\/v2\/posts"}],"about":[{"href":"https:\/\/www.education-cloud.eu\/index.php?rest_route=\/wp\/v2\/types\/post"}],"author":[{"embeddable":true,"href":"https:\/\/www.education-cloud.eu\/index.php?rest_route=\/wp\/v2\/users\/6"}],"replies":[{"embeddable":true,"href":"https:\/\/www.education-cloud.eu\/index.php?rest_route=%2Fwp%2Fv2%2Fcomments&post=6215"}],"version-history":[{"count":7,"href":"https:\/\/www.education-cloud.eu\/index.php?rest_route=\/wp\/v2\/posts\/6215\/revisions"}],"predecessor-version":[{"id":6229,"href":"https:\/\/www.education-cloud.eu\/index.php?rest_route=\/wp\/v2\/posts\/6215\/revisions\/6229"}],"wp:attachment":[{"href":"https:\/\/www.education-cloud.eu\/index.php?rest_route=%2Fwp%2Fv2%2Fmedia&parent=6215"}],"wp:term":[{"taxonomy":"category","embeddable":true,"href":"https:\/\/www.education-cloud.eu\/index.php?rest_route=%2Fwp%2Fv2%2Fcategories&post=6215"},{"taxonomy":"post_tag","embeddable":true,"href":"https:\/\/www.education-cloud.eu\/index.php?rest_route=%2Fwp%2Fv2%2Ftags&post=6215"}],"curies":[{"name":"wp","href":"https:\/\/api.w.org\/{rel}","templated":true}]}}