{"id":6609,"date":"2024-09-27T15:41:20","date_gmt":"2024-09-27T13:41:20","guid":{"rendered":"https:\/\/www.education-cloud.eu\/?p=6609"},"modified":"2024-09-27T15:41:51","modified_gmt":"2024-09-27T13:41:51","slug":"education-cloud-auf-der-mobile-schule-tagung-in-hannover","status":"publish","type":"post","link":"https:\/\/www.education-cloud.eu\/?p=6609","title":{"rendered":"Education Cloud auf der mobile.schule Tagung in Hannover"},"content":{"rendered":"\n<h3 class=\"wp-block-heading\">Interessante Gespr\u00e4che am Stand unserer Partner Erstling und Promethean<\/h3>\n\n\n\n<p>Education Cloud war auch in diesem Jahr als Aussteller auf der&nbsp;mobile.schule&nbsp;Tagung in Hannover am 2. September vertreten, diesmal gemeinsam mit unseren Partnern von Erstling und&nbsp;Promethean. Unser Gesch\u00e4ftsf\u00fchrer Simon Winhart konnte viele interessante Gespr\u00e4che mit Vertreterinnen und Vertretern von sowohl Schulen als auch Schultr\u00e4gern f\u00fchren und dabei unsere ganzheitlichen L\u00f6sungen f\u00fcr das digitale Klassenzimmer vorstellen, insbesondere unsere agile und betriebssystem\u00fcbergreifende Ger\u00e4teverwaltung&nbsp;SOTI&nbsp;MobiControl\/&nbsp;EDU Control.<\/p>\n\n\n\n<p>Neben den Boards von&nbsp;Promethean&nbsp;wurden auf der die&nbsp;mobile.schule&nbsp;Tagung begleitenden Ausstellung auch interaktive Displays anderer namhafter Hersteller verwaltet wie&nbsp;Legamaster, Wende u.v.m.&nbsp;<\/p>\n\n\n\n<h3 class=\"wp-block-heading\"><strong>Vortrag zum Thema EDLA und Device Management<\/strong><\/h3>\n\n\n\n<p>Die neue Generation EDLA Boards, die immer st\u00e4rker Einzug in deutsche Schulen h\u00e4lt, bedarf in noch gr\u00f6\u00dferem Ma\u00dfe einer Ger\u00e4teverwaltung als die herk\u00f6mmlichen Ger\u00e4te, da zu ihrem Betrieb zwingend ein Google Konto notwendig ist, was den DSGVO-konformen Betrieb in Bildungseinrichtungen erheblich erschwert. In einem Vortrag hat Simon Winhart anschaulich demonstriert wie einfach und effizient sich EDLA Boards mit SOTI&nbsp;MobiControl&nbsp;so verwalten lassen, dass sie p\u00e4dagogisch nachhaltig und datenschutzkonform in Schulen genutzt werden k\u00f6nnen.<\/p>\n\n\n\n<p>Wir freuen uns darauf auch zuk\u00fcnftig gemeinsam mit unseren Partner unsere ganzheitlichen L\u00f6sungen f\u00fcr die Digitalisierung von Bildungseinrichtungen zu pr\u00e4sentieren und uns mit Endkunden sowie Vertreterinnen und Vertretern aus dem Bereich der Beschaffung digitaler L\u00f6sungen f\u00fcr Schulen konstruktiv auszutauschen.&nbsp;<\/p>\n","protected":false},"excerpt":{"rendered":"<p>Interessante Gespr\u00e4che am Stand unserer Partner Erstling und Promethean Education Cloud war auch in diesem Jahr als Aussteller auf der&nbsp;mobile.schule&nbsp;Tagung in Hannover am 2. September vertreten, diesmal gemeinsam mit unseren Partnern von Erstling und&nbsp;Promethean. Unser Gesch\u00e4ftsf\u00fchrer Simon Winhart konnte viele interessante Gespr\u00e4che mit Vertreterinnen und Vertretern von sowohl Schulen als auch Schultr\u00e4gern f\u00fchren und dabei [&hellip;]<\/p>\n","protected":false},"author":8,"featured_media":0,"comment_status":"closed","ping_status":"open","sticky":false,"template":"","format":"standard","meta":{"_acf_changed":false,"footnotes":""},"categories":[1,4,29],"tags":[],"class_list":["post-6609","post","type-post","status-publish","format-standard","hentry","category-uncategorized","category-veranstaltungen","category-news"],"acf":[],"_links":{"self":[{"href":"https:\/\/www.education-cloud.eu\/index.php?rest_route=\/wp\/v2\/posts\/6609","targetHints":{"allow":["GET"]}}],"collection":[{"href":"https:\/\/www.education-cloud.eu\/index.php?rest_route=\/wp\/v2\/posts"}],"about":[{"href":"https:\/\/www.education-cloud.eu\/index.php?rest_route=\/wp\/v2\/types\/post"}],"author":[{"embeddable":true,"href":"https:\/\/www.education-cloud.eu\/index.php?rest_route=\/wp\/v2\/users\/8"}],"replies":[{"embeddable":true,"href":"https:\/\/www.education-cloud.eu\/index.php?rest_route=%2Fwp%2Fv2%2Fcomments&post=6609"}],"version-history":[{"count":3,"href":"https:\/\/www.education-cloud.eu\/index.php?rest_route=\/wp\/v2\/posts\/6609\/revisions"}],"predecessor-version":[{"id":6613,"href":"https:\/\/www.education-cloud.eu\/index.php?rest_route=\/wp\/v2\/posts\/6609\/revisions\/6613"}],"wp:attachment":[{"href":"https:\/\/www.education-cloud.eu\/index.php?rest_route=%2Fwp%2Fv2%2Fmedia&parent=6609"}],"wp:term":[{"taxonomy":"category","embeddable":true,"href":"https:\/\/www.education-cloud.eu\/index.php?rest_route=%2Fwp%2Fv2%2Fcategories&post=6609"},{"taxonomy":"post_tag","embeddable":true,"href":"https:\/\/www.education-cloud.eu\/index.php?rest_route=%2Fwp%2Fv2%2Ftags&post=6609"}],"curies":[{"name":"wp","href":"https:\/\/api.w.org\/{rel}","templated":true}]}}