{"id":6622,"date":"2024-11-13T09:38:11","date_gmt":"2024-11-13T08:38:11","guid":{"rendered":"https:\/\/www.education-cloud.eu\/?p=6622"},"modified":"2024-11-13T09:38:12","modified_gmt":"2024-11-13T08:38:12","slug":"handyverbot-an-schulen-sinnvoll-oder-sogar-kontraproduktiv","status":"publish","type":"post","link":"https:\/\/www.education-cloud.eu\/?p=6622","title":{"rendered":"Handyverbot an Schulen\u00a0\u2013\u00a0Sinnvoll oder sogar kontraproduktiv?"},"content":{"rendered":"\n<h3 class=\"wp-block-heading\"><strong>Schulen in Niedersachsen verbieten Handys komplett<\/strong><\/h3>\n\n\n\n<p>Einige Schulen in Niedersachsen haben ihren Sch\u00fclerinnen und Sch\u00fclern ein generelles Handyverbot erteilt, einschlie\u00dflich in den Pausen. In ersten Stellungnahmen seitens der Schulen wurde berichtet, dass sich bereits positive Effekte zeigen w\u00fcrden, so w\u00fcrden die Kinder wieder st\u00e4rker miteinander interagieren und sich in den Pausen st\u00e4rker k\u00f6rperlich bet\u00e4tigen (z. B. nach einem Ball fragen etc.).<\/p>\n\n\n\n<figure class=\"wp-block-image size-large\"><img loading=\"lazy\" decoding=\"async\" width=\"1024\" height=\"576\" src=\"https:\/\/www.education-cloud.eu\/wp-content\/uploads\/2024\/11\/Handyverbot-1024x576.png\" alt=\"\" class=\"wp-image-6623\" srcset=\"https:\/\/www.education-cloud.eu\/wp-content\/uploads\/2024\/11\/Handyverbot-1024x576.png 1024w, https:\/\/www.education-cloud.eu\/wp-content\/uploads\/2024\/11\/Handyverbot-300x169.png 300w, https:\/\/www.education-cloud.eu\/wp-content\/uploads\/2024\/11\/Handyverbot-768x432.png 768w, https:\/\/www.education-cloud.eu\/wp-content\/uploads\/2024\/11\/Handyverbot-1536x864.png 1536w, https:\/\/www.education-cloud.eu\/wp-content\/uploads\/2024\/11\/Handyverbot.png 1920w\" sizes=\"auto, (max-width: 1024px) 100vw, 1024px\" \/><\/figure>\n\n\n\n<h3 class=\"wp-block-heading\"><strong>Niedersachsens Sch\u00fclerrat kritisiert Pauschalverbot<\/strong><\/h3>\n\n\n\n<p>Der nieders\u00e4chsische Sch\u00fclerrat hingegen hat sich gegen ein pauschales Verbot von Handys an Schulen ausgesprochen und kritisierte in diesem Zusammenhang, dass es sich bei Handys eben nicht um ein reines Unterhaltungsmedium handele, sondern sie vielmehr auch genutzt w\u00fcrden, um Kontakt zu Mitsch\u00fclern und Eltern zu halten sowie sogar zur Unterrichtsvorbereitung zum Einsatz k\u00e4men. Ein Verbot ignoriere dar\u00fcber hinaus die M\u00f6glichkeit Handys gewinnbringend in den Unterricht zu integrieren, um so u. a. auch Medienkompetenz der Sch\u00fclerinnen und Sch\u00fcler zu f\u00f6rdern.<\/p>\n\n\n\n<h3 class=\"wp-block-heading\"><strong>Integration von Smartphones in den Unterricht \u2013 Auch mit einem Device Management System m\u00f6glich<\/strong><\/h3>\n\n\n\n<p>Forderungen nach einem Handyverbot an Schulen oder, noch viel weitreichender, ein Verbot von Tablets an Kinderg\u00e4rten und Grundschulen wie es von Parteien wie BSW, AfD und auch Teilen der CDU gefordert wird, verkennen nicht nur die M\u00f6glichkeiten, die eine Integration dieser Ger\u00e4te in den Unterricht bietet. Viel schlimmer noch negieren sie einen Teil des Bildungsauftrags der Schulen, n\u00e4mlich die Kinder optimal auf das Leben in der (sich rasant digitalisierenden) Welt vorzubereiten. Analog zu Tablets k\u00f6nnen auch Smartphones \u00fcber ein Device Management System vor\u00fcbergehend so eingeschr\u00e4nkt werden, dass mit ihnen im Unterricht effektiv gearbeitet werden kann und die Sch\u00fclerinnen und Sch\u00fcler lernen verantwortungsvoll mit ihnen und den auf ihnen bereitgestellten Inhalten umzugehen. Medienkompetenz ist in Zeiten von \u201ealternativen Fakten\u201c und verk\u00fcrzter Wahrheiten ein entscheidender Faktor zum Schutz unserer Demokratie. Es ist vielleicht bezeichnend, dass zumindest Vertreterinnen und Vertreter zwei der oben genannten Parteien daran kein allzu gro\u00dfes Interesse zu haben scheinen.<\/p>\n","protected":false},"excerpt":{"rendered":"<p>Schulen in Niedersachsen verbieten Handys komplett Einige Schulen in Niedersachsen haben ihren Sch\u00fclerinnen und Sch\u00fclern ein generelles Handyverbot erteilt, einschlie\u00dflich in den Pausen. In ersten Stellungnahmen seitens der Schulen wurde berichtet, dass sich bereits positive Effekte zeigen w\u00fcrden, so w\u00fcrden die Kinder wieder st\u00e4rker miteinander interagieren und sich in den Pausen st\u00e4rker k\u00f6rperlich bet\u00e4tigen (z. [&hellip;]<\/p>\n","protected":false},"author":8,"featured_media":0,"comment_status":"closed","ping_status":"open","sticky":false,"template":"","format":"standard","meta":{"_acf_changed":false,"footnotes":""},"categories":[2,29],"tags":[],"class_list":["post-6622","post","type-post","status-publish","format-standard","hentry","category-trends","category-news"],"acf":[],"_links":{"self":[{"href":"https:\/\/www.education-cloud.eu\/index.php?rest_route=\/wp\/v2\/posts\/6622","targetHints":{"allow":["GET"]}}],"collection":[{"href":"https:\/\/www.education-cloud.eu\/index.php?rest_route=\/wp\/v2\/posts"}],"about":[{"href":"https:\/\/www.education-cloud.eu\/index.php?rest_route=\/wp\/v2\/types\/post"}],"author":[{"embeddable":true,"href":"https:\/\/www.education-cloud.eu\/index.php?rest_route=\/wp\/v2\/users\/8"}],"replies":[{"embeddable":true,"href":"https:\/\/www.education-cloud.eu\/index.php?rest_route=%2Fwp%2Fv2%2Fcomments&post=6622"}],"version-history":[{"count":1,"href":"https:\/\/www.education-cloud.eu\/index.php?rest_route=\/wp\/v2\/posts\/6622\/revisions"}],"predecessor-version":[{"id":6624,"href":"https:\/\/www.education-cloud.eu\/index.php?rest_route=\/wp\/v2\/posts\/6622\/revisions\/6624"}],"wp:attachment":[{"href":"https:\/\/www.education-cloud.eu\/index.php?rest_route=%2Fwp%2Fv2%2Fmedia&parent=6622"}],"wp:term":[{"taxonomy":"category","embeddable":true,"href":"https:\/\/www.education-cloud.eu\/index.php?rest_route=%2Fwp%2Fv2%2Fcategories&post=6622"},{"taxonomy":"post_tag","embeddable":true,"href":"https:\/\/www.education-cloud.eu\/index.php?rest_route=%2Fwp%2Fv2%2Ftags&post=6622"}],"curies":[{"name":"wp","href":"https:\/\/api.w.org\/{rel}","templated":true}]}}