{"id":6689,"date":"2025-03-31T09:22:23","date_gmt":"2025-03-31T07:22:23","guid":{"rendered":"https:\/\/www.education-cloud.eu\/?p=6689"},"modified":"2025-03-31T09:22:24","modified_gmt":"2025-03-31T07:22:24","slug":"it-muss-sich-in-bestehende-systeme-einfuegen-und-lehrkraefte-effizient-unterstuetzen","status":"publish","type":"post","link":"https:\/\/www.education-cloud.eu\/?p=6689","title":{"rendered":"IT muss sich in bestehende Systeme einf\u00fcgen und Lehrkr\u00e4fte effizient unterst\u00fctzen"},"content":{"rendered":"\n<h3 class=\"wp-block-heading\">Der Allgemeine Schulleitungsverband Deutschlands (ASD) begr\u00fc\u00dft den Digitalpakt 2.0 und fordert st\u00e4rkere Unterst\u00fctzung der Lehrkr\u00e4fte<\/h3>\n\n\n\n<p>Der Vorsitzende des ASD, Sven Winkler, sieht die Verabschiedung des Digitalpakt 2.0 als einen wichtigen Schritt zur Digitalisierung von Schulen, fordert aber gleichzeitig eine gr\u00f6\u00dfere Unterst\u00fctzung der Lehrkr\u00e4fte bei ihrer Umsetzung.<\/p>\n\n\n\n<figure class=\"wp-block-image size-full\"><img loading=\"lazy\" decoding=\"async\" width=\"1360\" height=\"860\" src=\"https:\/\/www.education-cloud.eu\/wp-content\/uploads\/yootheme\/companies-post-point-studio-intro.jpg\" alt=\"\" class=\"wp-image-1439\"\/><\/figure>\n\n\n\n<h3 class=\"wp-block-heading\">Lehrkr\u00e4fte m\u00fcssen in der Lage sein, technische Ger\u00e4te sinnvoll einsetzen zu k\u00f6nnen<\/h3>\n\n\n\n<p>Der ASD mahnt an, dass \u00fcber die reine technische Ausstattung hinaus ein professioneller IT-Support in Verbindung mit Planungssicherheit f\u00fcr die Schulen gew\u00e4hrleistet sein muss. Lehrkr\u00e4fte m\u00fcssen entsprechend auf den digitalen Endger\u00e4ten fortgebildet und Schulleitungen in die jeweiligen Digitalstrategien eingebunden werden.<\/p>\n\n\n\n<h3 class=\"wp-block-heading\">SOTI MobiControl erm\u00f6glicht Interoperabilit\u00e4t<\/h3>\n\n\n\n<p>Damit IT in Schulen effizient genutzt werden kann, muss sie sich komplett in das p\u00e4dagogische Gesamtkonzept der Schule integrieren lassen. Hierbei ist das Thema Interoperabilit\u00e4t von zentraler Bedeutung, alle eingesetzten digitalen L\u00f6sungen sollten miteinander kompatibel sein. Das betriebssystem\u00fcbergreifende Device Management System SOTI MobiControl wacht \u00fcber s\u00e4mtlichen digitalen Endger\u00e4ten und ist gleichzeitig voll in die Schulverwaltung (wie IServ) eingebunden und mit der Stundenplansoftware (wie UNTIS) gekoppelt. Somit erhalten die Lehrkr\u00e4fte Zugriff auf eine homogene und \u00fcbergreifende IT, die einen p\u00e4dagogischen Mehrwert liefert und ihnen ihren Arbeitsalltag erleichtert.<\/p>\n","protected":false},"excerpt":{"rendered":"<p>Der Allgemeine Schulleitungsverband Deutschlands (ASD) begr\u00fc\u00dft den Digitalpakt 2.0 und fordert st\u00e4rkere Unterst\u00fctzung der Lehrkr\u00e4fte Der Vorsitzende des ASD, Sven Winkler, sieht die Verabschiedung des Digitalpakt 2.0 als einen wichtigen Schritt zur Digitalisierung von Schulen, fordert aber gleichzeitig eine gr\u00f6\u00dfere Unterst\u00fctzung der Lehrkr\u00e4fte bei ihrer Umsetzung. Lehrkr\u00e4fte m\u00fcssen in der Lage sein, technische Ger\u00e4te sinnvoll [&hellip;]<\/p>\n","protected":false},"author":8,"featured_media":0,"comment_status":"closed","ping_status":"open","sticky":false,"template":"","format":"standard","meta":{"_acf_changed":false,"footnotes":""},"categories":[2,29],"tags":[],"class_list":["post-6689","post","type-post","status-publish","format-standard","hentry","category-trends","category-news"],"acf":[],"_links":{"self":[{"href":"https:\/\/www.education-cloud.eu\/index.php?rest_route=\/wp\/v2\/posts\/6689","targetHints":{"allow":["GET"]}}],"collection":[{"href":"https:\/\/www.education-cloud.eu\/index.php?rest_route=\/wp\/v2\/posts"}],"about":[{"href":"https:\/\/www.education-cloud.eu\/index.php?rest_route=\/wp\/v2\/types\/post"}],"author":[{"embeddable":true,"href":"https:\/\/www.education-cloud.eu\/index.php?rest_route=\/wp\/v2\/users\/8"}],"replies":[{"embeddable":true,"href":"https:\/\/www.education-cloud.eu\/index.php?rest_route=%2Fwp%2Fv2%2Fcomments&post=6689"}],"version-history":[{"count":1,"href":"https:\/\/www.education-cloud.eu\/index.php?rest_route=\/wp\/v2\/posts\/6689\/revisions"}],"predecessor-version":[{"id":6690,"href":"https:\/\/www.education-cloud.eu\/index.php?rest_route=\/wp\/v2\/posts\/6689\/revisions\/6690"}],"wp:attachment":[{"href":"https:\/\/www.education-cloud.eu\/index.php?rest_route=%2Fwp%2Fv2%2Fmedia&parent=6689"}],"wp:term":[{"taxonomy":"category","embeddable":true,"href":"https:\/\/www.education-cloud.eu\/index.php?rest_route=%2Fwp%2Fv2%2Fcategories&post=6689"},{"taxonomy":"post_tag","embeddable":true,"href":"https:\/\/www.education-cloud.eu\/index.php?rest_route=%2Fwp%2Fv2%2Ftags&post=6689"}],"curies":[{"name":"wp","href":"https:\/\/api.w.org\/{rel}","templated":true}]}}