{"id":6694,"date":"2025-03-31T09:39:31","date_gmt":"2025-03-31T07:39:31","guid":{"rendered":"https:\/\/www.education-cloud.eu\/?p=6694"},"modified":"2025-03-31T09:39:32","modified_gmt":"2025-03-31T07:39:32","slug":"bildung-digital-in-mainz","status":"publish","type":"post","link":"https:\/\/www.education-cloud.eu\/?p=6694","title":{"rendered":"bildung.digital in Mainz"},"content":{"rendered":"\n<p>Am 20. M\u00e4rz 2025 fand zum ersten Mal eine Messe aus der Veranstaltungsreihe bildung.digital in der Eventlocation Halle 45 in Mainz Mombach statt. Zahlreiche Aussteller aus dem Bereich digitale Bildung pr\u00e4sentierten dort ihre innovativen L\u00f6sungsans\u00e4tze f\u00fcr die moderne Schule.<\/p>\n\n\n\n<figure class=\"wp-block-image size-full\"><img loading=\"lazy\" decoding=\"async\" width=\"953\" height=\"597\" src=\"https:\/\/www.education-cloud.eu\/wp-content\/uploads\/2025\/03\/BD001.png\" alt=\"\" class=\"wp-image-6695\" srcset=\"https:\/\/www.education-cloud.eu\/wp-content\/uploads\/2025\/03\/BD001.png 953w, https:\/\/www.education-cloud.eu\/wp-content\/uploads\/2025\/03\/BD001-300x188.png 300w, https:\/\/www.education-cloud.eu\/wp-content\/uploads\/2025\/03\/BD001-768x481.png 768w\" sizes=\"auto, (max-width: 953px) 100vw, 953px\" \/><\/figure>\n\n\n\n<h3 class=\"wp-block-heading\">Education Cloud am Stand von Erstling<\/h3>\n\n\n\n<p>Education Cloud hat am Stand unseres Partners Erstling das Device Management System SOTI MobiControl sowie die p\u00e4dagogische Nutzeroberfl\u00e4che EDU Control einem interessierten Fachpublikum pr\u00e4sentiert.\u00a0Sowohl Vertreterinnen und Vertreter von Bildungseinrichtungen als auch von Schultr\u00e4gern fanden den Weg an den Stand unseres Partners Erstling, um sich die Vorz\u00fcge eines agilen und betriebssystem\u00fcbergreifenden Ger\u00e4temanagements zeigen zu lassen, mit dem digitale Lernmittel effizient verteilt werden k\u00f6nnen. Am Stand von Erstling wurde ein ganzheitliches Konzept aus Hard- und Softwarekomponenten vorgestellt und u.a. aufgezeigt wie die interaktiven Displays von i3 sowie\u00a0Samsung Galaxy Tablets in MobiControl eingebunden werden k\u00f6nnen. Das Device Management fungiert hier als das Herzst\u00fcck des digitalen Klassenzimmers, das die p\u00e4dagogisch nachhaltige Nutzung der eingebundenen digitalen Endger\u00e4te erm\u00f6glicht.<\/p>\n\n\n\n<h3 class=\"wp-block-heading\">Vier weitere Messen der Reihe bildung.digital in diesem Jahr<\/h3>\n\n\n\n<p>Wir freuen uns auf weitere Veranstaltungen der Reihe bildung.digital am 24. April in der Messe Magdeburg (Halle 1), am 28. August im Parksaal im Steigerwaldstadion Erfurt, am 1. Oktober im Congress Centrum Ost Messe Essen sowie am 4. November in der Stadthalle Rostock<\/p>\n\n\n\n<p><\/p>\n","protected":false},"excerpt":{"rendered":"<p>Am 20. M\u00e4rz 2025 fand zum ersten Mal eine Messe aus der Veranstaltungsreihe bildung.digital in der Eventlocation Halle 45 in Mainz Mombach statt. Zahlreiche Aussteller aus dem Bereich digitale Bildung pr\u00e4sentierten dort ihre innovativen L\u00f6sungsans\u00e4tze f\u00fcr die moderne Schule. Education Cloud am Stand von Erstling Education Cloud hat am Stand unseres Partners Erstling das Device [&hellip;]<\/p>\n","protected":false},"author":8,"featured_media":0,"comment_status":"closed","ping_status":"open","sticky":false,"template":"","format":"standard","meta":{"_acf_changed":false,"footnotes":""},"categories":[4,29],"tags":[],"class_list":["post-6694","post","type-post","status-publish","format-standard","hentry","category-veranstaltungen","category-news"],"acf":[],"_links":{"self":[{"href":"https:\/\/www.education-cloud.eu\/index.php?rest_route=\/wp\/v2\/posts\/6694","targetHints":{"allow":["GET"]}}],"collection":[{"href":"https:\/\/www.education-cloud.eu\/index.php?rest_route=\/wp\/v2\/posts"}],"about":[{"href":"https:\/\/www.education-cloud.eu\/index.php?rest_route=\/wp\/v2\/types\/post"}],"author":[{"embeddable":true,"href":"https:\/\/www.education-cloud.eu\/index.php?rest_route=\/wp\/v2\/users\/8"}],"replies":[{"embeddable":true,"href":"https:\/\/www.education-cloud.eu\/index.php?rest_route=%2Fwp%2Fv2%2Fcomments&post=6694"}],"version-history":[{"count":1,"href":"https:\/\/www.education-cloud.eu\/index.php?rest_route=\/wp\/v2\/posts\/6694\/revisions"}],"predecessor-version":[{"id":6696,"href":"https:\/\/www.education-cloud.eu\/index.php?rest_route=\/wp\/v2\/posts\/6694\/revisions\/6696"}],"wp:attachment":[{"href":"https:\/\/www.education-cloud.eu\/index.php?rest_route=%2Fwp%2Fv2%2Fmedia&parent=6694"}],"wp:term":[{"taxonomy":"category","embeddable":true,"href":"https:\/\/www.education-cloud.eu\/index.php?rest_route=%2Fwp%2Fv2%2Fcategories&post=6694"},{"taxonomy":"post_tag","embeddable":true,"href":"https:\/\/www.education-cloud.eu\/index.php?rest_route=%2Fwp%2Fv2%2Ftags&post=6694"}],"curies":[{"name":"wp","href":"https:\/\/api.w.org\/{rel}","templated":true}]}}