{"id":6735,"date":"2025-08-12T10:49:12","date_gmt":"2025-08-12T08:49:12","guid":{"rendered":"https:\/\/www.education-cloud.eu\/?p=6735"},"modified":"2025-08-12T10:49:13","modified_gmt":"2025-08-12T08:49:13","slug":"warum-ein-social-media-verbot-fuer-minderjaehrige-nichts-bringt","status":"publish","type":"post","link":"https:\/\/www.education-cloud.eu\/?p=6735","title":{"rendered":"Warum ein Social-Media-Verbot f\u00fcr Minderj\u00e4hrige nichts bringt"},"content":{"rendered":"\n<p class=\"has-text-align-center\"><em>Verbote allein l\u00f6sen keine Probleme \u2013 vor allem nicht in der digitalen Welt. Statt Abschottung brauchen junge Menschen Medienkompetenz, um sich sicher und verantwortungsvoll online zu bewegen. Auch Schulen spielen dabei eine Schl\u00fcsselrolle.<\/em><\/p>\n\n\n\n<p>Immer wieder werden in der Politik Forderungen laut, Minderj\u00e4hrigen die Nutzung von Social-Media-Plattformen zu verbieten. Die Argumente reichen von Datenschutz bis zu psychischen Belastungen. So nachvollziehbar die Sorgen sind \u2013 ein pauschales Verbot greift zu kurz. Denn es l\u00f6st nicht das eigentliche Problem: den verantwortungsvollen und kompetenten Umgang mit digitalen Medien.<\/p>\n\n\n\n<h3 class=\"wp-block-heading\"><strong><strong>Verbote schaffen Umgehungsstrategien \u2013 keine L\u00f6sungen<\/strong><\/strong><\/h3>\n\n\n\n<p>Kinder und Jugendliche sind digital versiert und finden oft schnell Wege, Verbote zu umgehen. Fake-Accounts, geteilte Logins oder VPNs sind nur einige Beispiele. Statt Kontrolle zu f\u00f6rdern, f\u00fchren solche Ma\u00dfnahmen oft dazu, dass die Nutzung in intransparentere Bereiche verlagert wird \u2013 fernab von elterlicher oder schulischer Begleitung.<\/p>\n\n\n\n<figure class=\"wp-block-image size-full\"><img loading=\"lazy\" decoding=\"async\" width=\"1360\" height=\"860\" src=\"https:\/\/www.education-cloud.eu\/wp-content\/uploads\/yootheme\/companies-post-cross-media-intro.jpg\" alt=\"\" class=\"wp-image-1448\"\/><\/figure>\n\n\n\n<h3 class=\"wp-block-heading\">Medienkompetenz statt Abschottung<\/h3>\n\n\n\n<p>Die digitale Welt ist fester Bestandteil des Lebens unserer Sch\u00fcler*innen. Wer ihnen den Zugang zu Social Media vollst\u00e4ndig entzieht, beraubt sie auch wichtiger Lernchancen: kritisches Hinterfragen von Inhalten, Erkennen von Fake News, respektvolles Online-Verhalten oder Schutz pers\u00f6nlicher Daten. All das sind Kompetenzen, die junge Menschen in einer vernetzten Welt dringend brauchen \u2013 und die sich nur durch aktiven Umgang entwickeln lassen.<\/p>\n\n\n\n<h3 class=\"wp-block-heading\"><strong><strong>Digitale Endger\u00e4te als Lernwerkzeuge<\/strong><\/strong><\/h3>\n\n\n\n<p>Auch in der Schule sollten digitale Ger\u00e4te nicht als St\u00f6rfaktor, sondern als Chance gesehen werden. Tablets, Laptops und interaktive Plattformen erm\u00f6glichen zeitgem\u00e4\u00dfe Unterrichtsformen, f\u00f6rdern Teamarbeit und bereiten auf eine zunehmend digitalisierte Berufswelt vor. Anstatt Ger\u00e4te zu verbieten, gilt es klare Regeln und p\u00e4dagogische Konzepte zu schaffen, die den sinnvollen Einsatz f\u00f6rdern.<\/p>\n\n\n\n<h3 class=\"wp-block-heading\">Technische Unterst\u00fctzung f\u00fcr die Praxis<\/h3>\n\n\n\n<p>Damit Medienkompetenz nicht nur ein theoretisches Ziel bleibt, brauchen Schulen flexible Werkzeuge, um digitale Lehrmittel effizient einzusetzen. Ein agiles Device-Management-System wie SOTI MobiControl erm\u00f6glicht es, Apps, Lerninhalte und Sicherheitsupdates zentral und zielgerichtet auf Sch\u00fclerger\u00e4te zu verteilen \u2013 egal ob f\u00fcr einzelne Klassen, Fachbereiche oder ganze Jahrg\u00e4nge. So lassen sich digitale Unterrichtskonzepte problemlos umsetzen, ohne Lehrkr\u00e4fte oder IT-Teams zu \u00fcberlasten.<\/p>\n","protected":false},"excerpt":{"rendered":"<p>Verbote allein l\u00f6sen keine Probleme \u2013 vor allem nicht in der digitalen Welt. Statt Abschottung brauchen junge Menschen Medienkompetenz, um sich sicher und verantwortungsvoll online zu bewegen. Auch Schulen spielen dabei eine Schl\u00fcsselrolle. Immer wieder werden in der Politik Forderungen laut, Minderj\u00e4hrigen die Nutzung von Social-Media-Plattformen zu verbieten. Die Argumente reichen von Datenschutz bis zu [&hellip;]<\/p>\n","protected":false},"author":8,"featured_media":0,"comment_status":"closed","ping_status":"open","sticky":false,"template":"","format":"standard","meta":{"_acf_changed":false,"footnotes":""},"categories":[2,29],"tags":[],"class_list":["post-6735","post","type-post","status-publish","format-standard","hentry","category-trends","category-news"],"acf":[],"_links":{"self":[{"href":"https:\/\/www.education-cloud.eu\/index.php?rest_route=\/wp\/v2\/posts\/6735","targetHints":{"allow":["GET"]}}],"collection":[{"href":"https:\/\/www.education-cloud.eu\/index.php?rest_route=\/wp\/v2\/posts"}],"about":[{"href":"https:\/\/www.education-cloud.eu\/index.php?rest_route=\/wp\/v2\/types\/post"}],"author":[{"embeddable":true,"href":"https:\/\/www.education-cloud.eu\/index.php?rest_route=\/wp\/v2\/users\/8"}],"replies":[{"embeddable":true,"href":"https:\/\/www.education-cloud.eu\/index.php?rest_route=%2Fwp%2Fv2%2Fcomments&post=6735"}],"version-history":[{"count":1,"href":"https:\/\/www.education-cloud.eu\/index.php?rest_route=\/wp\/v2\/posts\/6735\/revisions"}],"predecessor-version":[{"id":6736,"href":"https:\/\/www.education-cloud.eu\/index.php?rest_route=\/wp\/v2\/posts\/6735\/revisions\/6736"}],"wp:attachment":[{"href":"https:\/\/www.education-cloud.eu\/index.php?rest_route=%2Fwp%2Fv2%2Fmedia&parent=6735"}],"wp:term":[{"taxonomy":"category","embeddable":true,"href":"https:\/\/www.education-cloud.eu\/index.php?rest_route=%2Fwp%2Fv2%2Fcategories&post=6735"},{"taxonomy":"post_tag","embeddable":true,"href":"https:\/\/www.education-cloud.eu\/index.php?rest_route=%2Fwp%2Fv2%2Ftags&post=6735"}],"curies":[{"name":"wp","href":"https:\/\/api.w.org\/{rel}","templated":true}]}}