{"id":6742,"date":"2025-08-12T13:49:45","date_gmt":"2025-08-12T11:49:45","guid":{"rendered":"https:\/\/www.education-cloud.eu\/?p=6742"},"modified":"2025-08-12T13:49:46","modified_gmt":"2025-08-12T11:49:46","slug":"barrierefreies-lernen-mit-digitalen-geraeten-inklusion-im-schulalltag-leben","status":"publish","type":"post","link":"https:\/\/www.education-cloud.eu\/?p=6742","title":{"rendered":"Barrierefreies Lernen mit digitalen Ger\u00e4ten \u2013 Inklusion im Schulalltag leben"},"content":{"rendered":"\n<p>Stellen Sie sich vor, Sie unterrichten eine Klasse mit 25 Sch\u00fclerinnen und Sch\u00fclern. Einer davon ben\u00f6tigt an seinem digitalen Endger\u00e4t ein abweichendes Kontrastverh\u00e4ltnis oder eine spezielle Bildschirmaufl\u00f6sung, um den Unterricht barrierefrei verfolgen zu k\u00f6nnen. Vielleicht braucht ein anderes Kind eine Sprachausgabe oder eine alternative Bedienhilfe, um selbstst\u00e4ndig zu arbeiten. Solche Situationen geh\u00f6ren in modernen Klassenzimmern l\u00e4ngst zur Realit\u00e4t \u2013 und sie m\u00fcssen kein Hindernis darstellen.<br>Dank intelligenter Ger\u00e4teverwaltung, wie sie beispielsweise mit <strong>SOTI MobiControl<\/strong> m\u00f6glich ist, lassen sich diese Herausforderungen unkompliziert und nachhaltig l\u00f6sen. Die Technologie erm\u00f6glicht es, jedes Endger\u00e4t individuell und bedarfsgerecht zu konfigurieren \u2013 automatisch und nutzerbasiert. Das hei\u00dft konkret: Sobald sich das Kind mit seiner pers\u00f6nlichen Anmeldung einloggt, wird das Ger\u00e4t automatisch in den ben\u00f6tigten Betriebsmodus versetzt \u2013 mit angepasstem Kontrast, spezieller Aufl\u00f6sung oder aktiviertem Screenreader. Ganz ohne zus\u00e4tzlichen Aufwand f\u00fcr die Lehrkr\u00e4fte.<\/p>\n\n\n\n<figure class=\"wp-block-image size-full\"><img loading=\"lazy\" decoding=\"async\" width=\"905\" height=\"563\" src=\"https:\/\/www.education-cloud.eu\/wp-content\/uploads\/2020\/08\/News_EDU-Control-e1754999355448.jpg\" alt=\"\" class=\"wp-image-2253\" srcset=\"https:\/\/www.education-cloud.eu\/wp-content\/uploads\/2020\/08\/News_EDU-Control-e1754999355448.jpg 905w, https:\/\/www.education-cloud.eu\/wp-content\/uploads\/2020\/08\/News_EDU-Control-e1754999355448-300x187.jpg 300w, https:\/\/www.education-cloud.eu\/wp-content\/uploads\/2020\/08\/News_EDU-Control-e1754999355448-768x478.jpg 768w\" sizes=\"auto, (max-width: 905px) 100vw, 905px\" \/><\/figure>\n\n\n\n<h3 class=\"wp-block-heading\">Entlastung f\u00fcr Lehrkr\u00e4fte \u2013 mehr Fokus auf den Unterricht<\/h3>\n\n\n\n<p>F\u00fcr Lehrerinnen und Lehrer bedeutet das eine enorme Entlastung. Sie m\u00fcssen sich n<strong>icht explizit um technische Anpassungen<\/strong> k\u00fcmmern, sondern k\u00f6nnen sich ganz auf die p\u00e4dagogische Arbeit konzentrieren. Die Individualisierung der Ger\u00e4te erfolgt im Hintergrund, zuverl\u00e4ssig und benutzerorientiert. Auch der Ger\u00e4tetyp spielt dabei keine Rolle \u2013 <strong>es kann jedes beliebige Endger\u00e4t verwendet werden<\/strong>, ob Tablet, Laptop oder Desktop-PC. Das System erkennt den angemeldeten Nutzer und stellt automatisch die passenden Einstellungen bereit.<\/p>\n\n\n\n<h3 class=\"wp-block-heading\">Inklusion wird zur Selbstverst\u00e4ndlichkeit<\/h3>\n\n\n\n<p>Die Folge: <strong>Der Unterricht verl\u00e4uft fl\u00fcssig<\/strong>, technische Unterbrechungen oder Sonderregelungen geh\u00f6ren der Vergangenheit an. Das betroffene Kind ist <strong>optimal integriert<\/strong> \u2013 es kann im gleichen Tempo und mit denselben Inhalten wie die anderen arbeiten, nur eben mit den Hilfsmitteln, die es braucht. Das ist <strong>gelebte Inklusion<\/strong>: Barrierefreiheit, ohne dass sie gesondert auff\u00e4llt, und Teilhabe, ohne Ausnahme.<br><\/p>\n\n\n\n<p>Nat\u00fcrlich l\u00e4sst sich dieses Prinzip <strong>nicht nur auf visuelle Einschr\u00e4nkungen anwenden<\/strong>. Auch andere Bedieneinheiten wie <strong>Sprachausgabe, Lupenfunktionen, alternative Navigation oder Tastenkombinationen<\/strong> k\u00f6nnen \u00fcber SOTI MobiControl automatisch aktiviert werden. So wird eine digitale Lernumgebung geschaffen, <strong>die allen Kindern gerecht wird \u2013 unabh\u00e4ngig von ihren individuellen Voraussetzungen.<\/strong><\/p>\n\n\n\n<h3 class=\"wp-block-heading\">Fazit: Digitaltechnik als Schl\u00fcssel zur Chancengleichheit<\/h3>\n\n\n\n<p>Barrierefreies Lernen ist kein Zusatzangebot, sondern Grundvoraussetzung f\u00fcr einen modernen, fairen und zukunftsf\u00e4higen Unterricht. Durch den intelligenten Einsatz von Ger\u00e4teverwaltungssoftware wie SOTI MobiControl l\u00e4sst sich Inklusion <strong>einfach, unauff\u00e4llig und effizient<\/strong> umsetzen. Sch\u00fclerinnen und Sch\u00fcler erhalten die Unterst\u00fctzung, die sie brauchen \u2013 ganz automatisch. So wird die Vision einer Schule f\u00fcr alle zur gelebten Realit\u00e4t.<\/p>\n","protected":false},"excerpt":{"rendered":"<p>Stellen Sie sich vor, Sie unterrichten eine Klasse mit 25 Sch\u00fclerinnen und Sch\u00fclern. Einer davon ben\u00f6tigt an seinem digitalen Endger\u00e4t ein abweichendes Kontrastverh\u00e4ltnis oder eine spezielle Bildschirmaufl\u00f6sung, um den Unterricht barrierefrei verfolgen zu k\u00f6nnen. Vielleicht braucht ein anderes Kind eine Sprachausgabe oder eine alternative Bedienhilfe, um selbstst\u00e4ndig zu arbeiten. Solche Situationen geh\u00f6ren in modernen Klassenzimmern [&hellip;]<\/p>\n","protected":false},"author":8,"featured_media":0,"comment_status":"closed","ping_status":"open","sticky":false,"template":"","format":"standard","meta":{"_acf_changed":false,"footnotes":""},"categories":[2,29],"tags":[],"class_list":["post-6742","post","type-post","status-publish","format-standard","hentry","category-trends","category-news"],"acf":[],"_links":{"self":[{"href":"https:\/\/www.education-cloud.eu\/index.php?rest_route=\/wp\/v2\/posts\/6742","targetHints":{"allow":["GET"]}}],"collection":[{"href":"https:\/\/www.education-cloud.eu\/index.php?rest_route=\/wp\/v2\/posts"}],"about":[{"href":"https:\/\/www.education-cloud.eu\/index.php?rest_route=\/wp\/v2\/types\/post"}],"author":[{"embeddable":true,"href":"https:\/\/www.education-cloud.eu\/index.php?rest_route=\/wp\/v2\/users\/8"}],"replies":[{"embeddable":true,"href":"https:\/\/www.education-cloud.eu\/index.php?rest_route=%2Fwp%2Fv2%2Fcomments&post=6742"}],"version-history":[{"count":1,"href":"https:\/\/www.education-cloud.eu\/index.php?rest_route=\/wp\/v2\/posts\/6742\/revisions"}],"predecessor-version":[{"id":6743,"href":"https:\/\/www.education-cloud.eu\/index.php?rest_route=\/wp\/v2\/posts\/6742\/revisions\/6743"}],"wp:attachment":[{"href":"https:\/\/www.education-cloud.eu\/index.php?rest_route=%2Fwp%2Fv2%2Fmedia&parent=6742"}],"wp:term":[{"taxonomy":"category","embeddable":true,"href":"https:\/\/www.education-cloud.eu\/index.php?rest_route=%2Fwp%2Fv2%2Fcategories&post=6742"},{"taxonomy":"post_tag","embeddable":true,"href":"https:\/\/www.education-cloud.eu\/index.php?rest_route=%2Fwp%2Fv2%2Ftags&post=6742"}],"curies":[{"name":"wp","href":"https:\/\/api.w.org\/{rel}","templated":true}]}}