{"id":6816,"date":"2025-12-12T11:09:13","date_gmt":"2025-12-12T10:09:13","guid":{"rendered":"https:\/\/www.education-cloud.eu\/?p=6816"},"modified":"2025-12-12T11:09:14","modified_gmt":"2025-12-12T10:09:14","slug":"handys-an-schulen-braucht-es-ein-kantonales-verbot-einordnung-moderner-byod-ansatz-mit-soti-mobicontrol","status":"publish","type":"post","link":"https:\/\/www.education-cloud.eu\/?p=6816","title":{"rendered":"Handys an Schulen: Braucht es ein kantonales Verbot? \u2013 Einordnung &amp; moderner BYOD-Ansatz mit SOTI MobiControl"},"content":{"rendered":"\n<p>Der Einsatz von Smartphones an Schulen bleibt ein kontrovers diskutiertes Thema. Dies zeigt sich an zwei gegens\u00e4tzlichen Positionen aus den Kantonen Uri und Aargau \u2013 und zeigt, wie stark Schulen zwischen p\u00e4dagogischer Freiheit, gesellschaftlichen Erwartungen und technologischen Entwicklungen stehen.<\/p>\n\n\n\n<h3 class=\"wp-block-heading\">Zwei Positionen \u2013 ein gemeinsames Ziel<\/h3>\n\n\n\n<p><strong>Georg Simmen (Regierungsrat Uri, FDP)<\/strong> argumentiert, dass <strong>generelle Handyverbote wenig bringen<\/strong>. Sie seien oft Symbolpolitik, w\u00fcrden im Alltag umgangen und f\u00f6rderten heimliche Nutzung statt verantwortlichen Umgang. Handys seien Teil des Lebens junger Menschen \u2014 in der Freizeit, in der Familie und in der Kommunikation. Daher m\u00fcsse Schule Orientierung bieten, statt zu verbieten.<br><br>Simmen fordert <strong>klare Regeln statt Totalverbote<\/strong>:<\/p>\n\n\n\n<ul class=\"wp-block-list\">\n<li>Smartphones sollen nutzbar sein, wo sie didaktisch sinnvoll sind.<\/li>\n\n\n\n<li>Sie sollen schweigen, wenn sie st\u00f6ren.<\/li>\n\n\n\n<li>Medienkompetenz m\u00fcsse aktiv vermittelt werden.<\/li>\n<\/ul>\n\n\n\n<p>Die Schule sei ein Ort, an dem junge Menschen lernen, Verantwortung zu \u00fcbernehmen \u2014 auch digital.<\/p>\n\n\n\n<p><br><strong>Martina Bircher (Regierungsr\u00e4tin Aargau, SVP)<\/strong> sieht es anders: <strong>Kinder ben\u00f6tigen<\/strong> <strong>klare Grenzen und Begleitung<\/strong>, gerade wenn Technologie schnell voranschreitet. Viele Kinder seien mit der permanenten Vernetzung \u00fcberfordert. Ein kantonal einheitliches Regelwerk schaffe Orientierung, erm\u00f6gliche ruhigen Unterricht und f\u00f6rdere soziale Interaktion in den Pausen.<br><br>Sie betont:<br><\/p>\n\n\n\n<ul class=\"wp-block-list\">\n<li>Die Kompetenzvermittlung bleibt altersgerecht und eingebettet in Medienerziehung.<\/li>\n\n\n\n<li>Ein kantonales Rahmenwerk sch\u00fctzt, ohne die digitale Zukunft zu ignorieren.<\/li>\n\n\n\n<li>R\u00fcckmeldungen aus Schulen und Elternschaft seien \u00fcberwiegend positiv.<\/li>\n<\/ul>\n\n\n\n<p>Ihre Sicht: <strong>Klare kantonale Leitlinien st\u00e4rken Schulen<\/strong>, ohne deren p\u00e4dagogische Freiheit einzuschr\u00e4nken.<\/p>\n\n\n\n<h3 class=\"wp-block-heading\"><strong><strong>Fazit<\/strong><\/strong><\/h3>\n\n\n\n<p>Beide Positionen zeigen dieselbe Herausforderung:<\/p>\n\n\n\n<p><strong>Wie schaffen Schulen den Spagat zwischen Schutz, klaren Regeln und zeitgem\u00e4\u00dfer Medienkompetenz?<\/strong><br><strong><br><\/strong>W\u00e4hrend Simmen auf p\u00e4dagogische Verantwortung und Bildung zielt, setzt Bircher auf Regelklarheit und Schutzr\u00e4ume. Gemeinsamer Nenner:<\/p>\n\n\n\n<p><strong>Sch\u00fclerinnen und Sch\u00fcler brauchen Orientierung \u2014 durch Regeln, Begleitung und schrittweise Medienkompetenz.<\/strong><br>Was in beiden Perspektiven fehlt: <strong>Wie Schulen den sicheren, p\u00e4dagogisch sinnvollen und datenschutzkonformen Umgang technisch gew\u00e4hrleisten k\u00f6nnen.<\/strong> Hier kommt BYOD und Mobile Device Management ins Spiel.<\/p>\n\n\n\n<h3 class=\"wp-block-heading\">Moderner BYOD-Ansatz f\u00fcr Schulen \u2013 sicher umgesetzt mit SOTI MobiControl<\/h3>\n\n\n\n<p>Viele Schulen m\u00f6chten Smartphones <strong>nicht komplett verbieten<\/strong>, sondern sie unter klaren Rahmenbedingungen erlauben und kontrollieren. BYOD (\u201eBring Your Own Device\u201c) kann dabei ein sinnvoller Mittelweg sein \u2014 <strong>wenn es technisch sauber umgesetzt wird.<\/strong><\/p>\n\n\n\n<h3 class=\"wp-block-heading\"><strong><strong>SOTI MobiControl als BYOD-L\u00f6sung f\u00fcr Schulen<\/strong><\/strong><\/h3>\n\n\n\n<p>SOTI MobiControl ist eine professionelle Mobile-Device-Management-Plattform, die Schulen erlaubt, private Ger\u00e4te der Sch\u00fcler sicher und kontrolliert einzubinden \u2014 ohne Privatsph\u00e4re zu verletzen.<\/p>\n\n\n\n<h3 class=\"wp-block-heading\"><strong><strong>So k\u00f6nnte ein BYOD-Modell aussehen:<\/strong><\/strong><\/h3>\n\n\n\n<p><strong>1.Kontrollierter Zugang statt Wildwuchs<\/strong><\/p>\n\n\n\n<ul class=\"wp-block-list\">\n<li>Nur registrierte Ger\u00e4te kommen ins Schulnetz.<\/li>\n\n\n\n<li>MobiControl pr\u00fcft automatisch Betriebssystem, Sicherheitsstatus und Compliance.<\/li>\n<\/ul>\n\n\n\n<p><strong>2.Klare Nutzungseinschr\u00e4nkungen<\/strong><\/p>\n\n\n\n<p>W\u00e4hrend des Unterrichts oder auf dem Schulgel\u00e4nde k\u00f6nnen z.B. automatisiert aktiviert werden:<\/p>\n\n\n\n<ul class=\"wp-block-list\">\n<li>Sperrung von Social-Media-Apps<\/li>\n\n\n\n<li>Abschalten der Kamera (Schutz der Privatsph\u00e4re)<\/li>\n\n\n\n<li>Blockierung von Games, Streaming oder privaten Messengern<\/li>\n\n\n\n<li>Aktivierung eines \u201eSchulmodus\u201c zu festen Zeiten<\/li>\n<\/ul>\n\n\n\n<p>Diese Regeln lassen sich pro Klasse, Jahrgang oder Unterrichtsfach flexibel steuern.<\/p>\n\n\n\n<p><strong>3.Datenschutz: Trennung von privat &amp; schulisch<\/strong><\/p>\n\n\n\n<p>Mit einem \u201eContainer-Konzept\u201c:<\/p>\n\n\n\n<ul class=\"wp-block-list\">\n<li>Schul-Apps + schulische Daten bleiben klar getrennt.<\/li>\n\n\n\n<li>Private Fotos, Nachrichten oder Apps sind f\u00fcr die Schule nicht einsehbar.<\/li>\n\n\n\n<li>Beim Austritt kann der Schul-Container remote gel\u00f6scht werden.<\/li>\n<\/ul>\n\n\n\n<p><strong>4.Sicherheit &amp; Compliance<\/strong><\/p>\n\n\n\n<ul class=\"wp-block-list\">\n<li>Erzwingen von Ger\u00e4teverschl\u00fcsselung<\/li>\n\n\n\n<li>Sichere Anmeldung (z. B. MFA)<\/li>\n\n\n\n<li>Automatische Updates und Patch-Verteilung<\/li>\n\n\n\n<li>Remote-Sperren oder Entfernen bei Verlust<\/li>\n<\/ul>\n\n\n\n<p><strong>5.Transparente Richtlinien &amp; Medienp\u00e4dagogik<\/strong><\/p>\n\n\n\n<p>Die Schule definiert:<\/p>\n\n\n\n<ul class=\"wp-block-list\">\n<li>wann und wie Ger\u00e4te erlaubt sind<\/li>\n\n\n\n<li>welche Funktionen aktiv sein d\u00fcrfen<\/li>\n\n\n\n<li>wie Datenschutz garantiert wird<\/li>\n\n\n\n<li>wie Medienkompetenz systematisch vermittelt wird<\/li>\n<\/ul>\n\n\n\n<p>Diese Kombination aus <strong>p\u00e4dagogischer Begleitung + technischer Absicherung<\/strong> erf\u00fcllt die Ziele beider oben zitierter Regierungsr\u00e4te.<\/p>\n\n\n\n<h3 class=\"wp-block-heading\"><strong><strong>Schlussfolgerung f\u00fcr die Praxis<\/strong><\/strong><\/h3>\n\n\n\n<ul class=\"wp-block-list\">\n<li><strong>Ein reines Handyverbot greift zu kurz.<\/strong><\/li>\n\n\n\n<li><strong>Eine unregulierte Nutzung \u00fcberfordert viele Sch\u00fcler.<\/strong><\/li>\n\n\n\n<li><strong>Der nachhaltigste Weg ist ein regelbasiertes System<\/strong>, das p\u00e4dagogische Freiheit, Schutz der Kinder und digitale Realit\u00e4t verbindet.<\/li>\n<\/ul>\n\n\n\n<p>Mit einer BYOD-Strategie auf Basis von <strong>SOTI MobiControl<\/strong> k\u00f6nnen Schulen:<\/p>\n\n\n\n<ul class=\"wp-block-list\">\n<li>sicheren Unterricht gew\u00e4hrleisten<\/li>\n\n\n\n<li>Ablenkungen minimieren<\/li>\n\n\n\n<li>Datenschutz einhalten<\/li>\n\n\n\n<li>Medienkompetenz praxisnah vermitteln<\/li>\n\n\n\n<li>gleichzeitig flexibel bleiben<\/li>\n<\/ul>\n\n\n\n<p>Das macht eine kantonale Regelung <strong>konkret umsetzbar<\/strong>, ohne dass Verbote zur Symbolpolitik verkommen.<\/p>\n\n\n\n<p><\/p>\n","protected":false},"excerpt":{"rendered":"<p>Der Einsatz von Smartphones an Schulen bleibt ein kontrovers diskutiertes Thema. Dies zeigt sich an zwei gegens\u00e4tzlichen Positionen aus den Kantonen Uri und Aargau \u2013 und zeigt, wie stark Schulen zwischen p\u00e4dagogischer Freiheit, gesellschaftlichen Erwartungen und technologischen Entwicklungen stehen. Zwei Positionen \u2013 ein gemeinsames Ziel Georg Simmen (Regierungsrat Uri, FDP) argumentiert, dass generelle Handyverbote wenig [&hellip;]<\/p>\n","protected":false},"author":8,"featured_media":0,"comment_status":"closed","ping_status":"open","sticky":false,"template":"","format":"standard","meta":{"_acf_changed":false,"footnotes":""},"categories":[2,29],"tags":[],"class_list":["post-6816","post","type-post","status-publish","format-standard","hentry","category-trends","category-news"],"acf":[],"_links":{"self":[{"href":"https:\/\/www.education-cloud.eu\/index.php?rest_route=\/wp\/v2\/posts\/6816","targetHints":{"allow":["GET"]}}],"collection":[{"href":"https:\/\/www.education-cloud.eu\/index.php?rest_route=\/wp\/v2\/posts"}],"about":[{"href":"https:\/\/www.education-cloud.eu\/index.php?rest_route=\/wp\/v2\/types\/post"}],"author":[{"embeddable":true,"href":"https:\/\/www.education-cloud.eu\/index.php?rest_route=\/wp\/v2\/users\/8"}],"replies":[{"embeddable":true,"href":"https:\/\/www.education-cloud.eu\/index.php?rest_route=%2Fwp%2Fv2%2Fcomments&post=6816"}],"version-history":[{"count":1,"href":"https:\/\/www.education-cloud.eu\/index.php?rest_route=\/wp\/v2\/posts\/6816\/revisions"}],"predecessor-version":[{"id":6817,"href":"https:\/\/www.education-cloud.eu\/index.php?rest_route=\/wp\/v2\/posts\/6816\/revisions\/6817"}],"wp:attachment":[{"href":"https:\/\/www.education-cloud.eu\/index.php?rest_route=%2Fwp%2Fv2%2Fmedia&parent=6816"}],"wp:term":[{"taxonomy":"category","embeddable":true,"href":"https:\/\/www.education-cloud.eu\/index.php?rest_route=%2Fwp%2Fv2%2Fcategories&post=6816"},{"taxonomy":"post_tag","embeddable":true,"href":"https:\/\/www.education-cloud.eu\/index.php?rest_route=%2Fwp%2Fv2%2Ftags&post=6816"}],"curies":[{"name":"wp","href":"https:\/\/api.w.org\/{rel}","templated":true}]}}