{"id":6818,"date":"2025-12-15T11:07:05","date_gmt":"2025-12-15T10:07:05","guid":{"rendered":"https:\/\/www.education-cloud.eu\/?p=6818"},"modified":"2025-12-15T11:07:05","modified_gmt":"2025-12-15T10:07:05","slug":"apple-weiss-wo-ihr-kind-ist-warum-schulen-jetzt-umdenken-muessen","status":"publish","type":"post","link":"https:\/\/www.education-cloud.eu\/?p=6818","title":{"rendered":"Apple wei\u00df, wo Ihr Kind ist \u2013 warum Schulen jetzt umdenken m\u00fcssen"},"content":{"rendered":"\n<p>Digitale Endger\u00e4te sind aus dem Unterricht nicht mehr wegzudenken. iPads sind an vielen Schulen Standard, und Mobile-Device-Management-Systeme (MDM) sorgen daf\u00fcr, dass Ger\u00e4te sicher, einsatzbereit und p\u00e4dagogisch sinnvoll verwaltet werden k\u00f6nnen. Doch immer deutlicher zeigt sich: <strong>Nicht jedes MDM ist f\u00fcr den schulischen Einsatz datenschutzrechtlich geeignet<\/strong>. Insbesondere wenn Schulen auf Apple-Ger\u00e4te setzen, wird h\u00e4ufig JAMF verwendet \u2013 eine verbreitete und technisch ausgereifte L\u00f6sung. Doch die wenigsten wissen, welche Konsequenzen dies f\u00fcr die Datenhoheit hat.<\/p>\n\n\n\n<h3 class=\"wp-block-heading\">Apple und JAMF: Wer kontrolliert wirklich die Daten?<\/h3>\n\n\n\n<p>Sobald ein iPad \u00fcber JAMF verwaltet wird, greifen zwei Mechanismen ineinander:<\/p>\n\n\n\n<ol class=\"wp-block-list\">\n<li><strong>Apple kontrolliert Betriebssystem und iCloud-Struktur<\/strong>, inklusive Telemetrie- und Device-Informationen.<\/li>\n\n\n\n<li><strong>JAMF stellt das Verwaltungsframework bereit<\/strong>, das eng mit Apples APIs verzahnt ist.<\/li>\n<\/ol>\n\n\n\n<p>Damit entsteht ein System, bei dem die Schule zwar Verwaltungsrechte besitzt \u2013 <strong>Apple aber jederzeit Einblick in eine Vielzahl ger\u00e4tebezogener Informationen hat<\/strong>. Dazu z\u00e4hlen unter anderem:<\/p>\n\n\n\n<ul class=\"wp-block-list\">\n<li>Ger\u00e4te-IDs<\/li>\n\n\n\n<li>Nutzungs- und Diagnosedaten<\/li>\n\n\n\n<li>Konfigurationsinfos<\/li>\n\n\n\n<li>und \u2013 besonders sensibel \u2013 <strong>Standortdaten<\/strong><\/li>\n<\/ul>\n\n\n\n<p>Genau diese Standortdaten gelten nach europ\u00e4ischem und schweizerischem Datenschutzrecht als <strong>hochgradig sch\u00fctzenswerte personenbezogene Daten<\/strong>. Sie erlauben R\u00fcckschl\u00fcsse auf Bewegungsmuster, Aufenthaltsorte und sogar den Tagesablauf eines Kindes. Wer wei\u00df, wo ein Kind ist \u2013 wei\u00df viel zu viel.<\/p>\n\n\n\n<h3 class=\"wp-block-heading\">Schweizer privatim-Resolution: Ein deutliches Warnsignal<\/h3>\n\n\n\n<p>Die neue <strong>privatim-Resolution<\/strong> (Konferenz der schweizerischen Datenschutzbeauftragten) hat deshalb unmissverst\u00e4ndlich formuliert:<br><strong>Schulen d\u00fcrfen besonders sch\u00fctzenswerte Daten \u2013 insbesondere Standortdaten \u2013 nicht in Infrastrukturen speichern oder verarbeiten lassen, die f\u00fcr US-Anbieter zug\u00e4nglich sind.<\/strong><br><br>Der Hintergrund ist klar:<br>Auch wenn ein US-Anbieter Rechenzentren in der EU oder der Schweiz nutzt, kann er aufgrund des US Cloud Act weiterhin verpflichtet werden, Daten offenzulegen. Das betrifft <strong>Apple, Google, Microsoft und alle US-Anbieter \u2013 unabh\u00e4ngig vom Serverstandort.<\/strong><br><br>Damit wird der Einsatz vieler g\u00e4ngiger MDM-L\u00f6sungen in Schulen rechtlich problematisch. Wer mit JAMF arbeitet, nutzt zwangsl\u00e4ufig Apples Infrastruktur \u2013 und damit auch das Risiko einer Daten\u00fcbermittlung in ein Umfeld au\u00dferhalb der schweizerischen Hoheitszone.<\/p>\n\n\n\n<h3 class=\"wp-block-heading\">Was bedeutet das f\u00fcr Schulen?<\/h3>\n\n\n\n<ul class=\"wp-block-list\">\n<li>Standortdaten gelten als besonders sensibel \u2013 <strong>und geh\u00f6ren nicht in die H\u00e4nde ausl\u00e4ndischer Plattformbetreiber.<\/strong><\/li>\n\n\n\n<li>Die privatim-Vorgaben machen deutlich: <strong>Schulen m\u00fcssen L\u00f6sungen w\u00e4hlen, bei denen die Datenverarbeitung vollst\u00e4ndig in ihrem Einflussbereich bleibt.<\/strong><\/li>\n\n\n\n<li>Ein MDM, das Daten an US-Konzerne weiterleitet oder technisch nicht vollst\u00e4ndig unabh\u00e4ngige Infrastruktur bereitstellt, widerspricht zunehmend den Anforderungen an den Kinderdatenschutz.<\/li>\n<\/ul>\n\n\n\n<h3 class=\"wp-block-heading\">Die Alternative: Ein unabh\u00e4ngiges MDM wie SOTI MobiControl<\/h3>\n\n\n\n<p><strong>SOTI MobiControl<\/strong> bietet im Vergleich zu Apple-basierten MDM-Systemen einen entscheidenden Vorteil: <br><br>Es ist <strong>plattformunabh\u00e4ngig, datensparsam und vollst\u00e4ndig kontrollierbar<\/strong>, ohne dass Daten in \u00d6kosysteme gro\u00dfer US-Technologiekonzerne abflie\u00dfen.<br><br>Zu den wichtigsten Vorteilen geh\u00f6ren:<\/p>\n\n\n\n<ul class=\"wp-block-list\">\n<li><strong>Keine Weitergabe von Standortdaten<\/strong> an Apple, Google oder andere Plattformbetreiber<\/li>\n\n\n\n<li><strong>Selbst w\u00e4hlbarer Hosting-Standort<\/strong> (on-premise oder in einer rechtlich kontrollierten Cloud)<\/li>\n\n\n\n<li><strong>Minimale Telemetrie<\/strong>, keine versteckten Hintergrunddienste<\/li>\n\n\n\n<li><strong>Autarke Verwaltung<\/strong> ohne Abh\u00e4ngigkeit von US-APIs f\u00fcr Diagnosedaten<\/li>\n\n\n\n<li><strong>Transparenz und Nachvollziehbarkeit<\/strong>, welche Daten wohin flie\u00dfen<\/li>\n<\/ul>\n\n\n\n<h3 class=\"wp-block-heading\">Fazit: Verantwortung \u00fcbernehmen \u2013 Daten sch\u00fctzen<\/h3>\n\n\n\n<p>Wenn Schulen digitale Lernumgebungen bereitstellen, tragen sie eine enorme Verantwortung. Es geht nicht nur um Ger\u00e4teverwaltung, sondern um die Sicherheit von Kindern. Die privatim-Resolution zeigt klar: <strong>Standortdaten und andere sensible Informationen von Sch\u00fclerinnen und Sch\u00fclern d\u00fcrfen US-Anbietern nicht zug\u00e4nglich sein.<\/strong><br><br>Ein freies, datenschutzfreundliches und kontrollierbares MDM wie <strong>SOTI MobiControl<\/strong> schafft genau das:<br><strong>Datensouver\u00e4nit\u00e4t f\u00fcr Schulen \u2013 und echten Schutz f\u00fcr Kinder.<\/strong><\/p>\n","protected":false},"excerpt":{"rendered":"<p>Digitale Endger\u00e4te sind aus dem Unterricht nicht mehr wegzudenken. iPads sind an vielen Schulen Standard, und Mobile-Device-Management-Systeme (MDM) sorgen daf\u00fcr, dass Ger\u00e4te sicher, einsatzbereit und p\u00e4dagogisch sinnvoll verwaltet werden k\u00f6nnen. Doch immer deutlicher zeigt sich: Nicht jedes MDM ist f\u00fcr den schulischen Einsatz datenschutzrechtlich geeignet. Insbesondere wenn Schulen auf Apple-Ger\u00e4te setzen, wird h\u00e4ufig JAMF verwendet [&hellip;]<\/p>\n","protected":false},"author":8,"featured_media":0,"comment_status":"closed","ping_status":"open","sticky":false,"template":"","format":"standard","meta":{"_acf_changed":false,"footnotes":""},"categories":[2,29],"tags":[],"class_list":["post-6818","post","type-post","status-publish","format-standard","hentry","category-trends","category-news"],"acf":[],"_links":{"self":[{"href":"https:\/\/www.education-cloud.eu\/index.php?rest_route=\/wp\/v2\/posts\/6818","targetHints":{"allow":["GET"]}}],"collection":[{"href":"https:\/\/www.education-cloud.eu\/index.php?rest_route=\/wp\/v2\/posts"}],"about":[{"href":"https:\/\/www.education-cloud.eu\/index.php?rest_route=\/wp\/v2\/types\/post"}],"author":[{"embeddable":true,"href":"https:\/\/www.education-cloud.eu\/index.php?rest_route=\/wp\/v2\/users\/8"}],"replies":[{"embeddable":true,"href":"https:\/\/www.education-cloud.eu\/index.php?rest_route=%2Fwp%2Fv2%2Fcomments&post=6818"}],"version-history":[{"count":1,"href":"https:\/\/www.education-cloud.eu\/index.php?rest_route=\/wp\/v2\/posts\/6818\/revisions"}],"predecessor-version":[{"id":6819,"href":"https:\/\/www.education-cloud.eu\/index.php?rest_route=\/wp\/v2\/posts\/6818\/revisions\/6819"}],"wp:attachment":[{"href":"https:\/\/www.education-cloud.eu\/index.php?rest_route=%2Fwp%2Fv2%2Fmedia&parent=6818"}],"wp:term":[{"taxonomy":"category","embeddable":true,"href":"https:\/\/www.education-cloud.eu\/index.php?rest_route=%2Fwp%2Fv2%2Fcategories&post=6818"},{"taxonomy":"post_tag","embeddable":true,"href":"https:\/\/www.education-cloud.eu\/index.php?rest_route=%2Fwp%2Fv2%2Ftags&post=6818"}],"curies":[{"name":"wp","href":"https:\/\/api.w.org\/{rel}","templated":true}]}}