{"id":6837,"date":"2026-01-26T15:42:43","date_gmt":"2026-01-26T14:42:43","guid":{"rendered":"https:\/\/www.education-cloud.eu\/?p=6837"},"modified":"2026-01-29T09:07:19","modified_gmt":"2026-01-29T08:07:19","slug":"education-cloud-auf-der-ise-2026-in-barcelona","status":"publish","type":"post","link":"https:\/\/www.education-cloud.eu\/?p=6837","title":{"rendered":"Education Cloud auf der ISE 2026 in Barcelona"},"content":{"rendered":"\n<p>Die <strong>Integrated Systems Europe (ISE) 2026<\/strong> in Barcelona, die vom 3. bis 6. Februar in der Fira de Barcelona Gran Via stattfindet, etabliert sich als globaler Hotspot f\u00fcr audiovisuelle Innovationen und Bildungstechnologie. Mit \u00fcber 1.400 Ausstellern und einem neuen EdTech Congress r\u00fcckt die Messe verst\u00e4rkt KI-gest\u00fctzte Lernl\u00f6sungen und smarte Klassenzimmer in den Fokus. Besonders spannend f\u00fcr den Bildungssektor: Die <strong>Education Corner am Stand von Hisense<\/strong> in Halle 1 wird erstmals als zentrale Plattform f\u00fcr praxisnahe Schul-IT-L\u00f6sungen dienen.<br><br>Wir bei <strong>Education Cloud<\/strong> freuen uns riesig, <strong>exklusiv die Education Corner am Hisense-Stand<\/strong> zu betreuen und innovative Integrationen live vorzuf\u00fchren. Unser Highlight: Die nahtlose Einbindung der <strong>Hisense Go Boards <\/strong>in die Schullernplattform IServ unter Einsatz von <strong>SOTI MobiControl<\/strong>. Besucher k\u00f6nnen hautnah erleben, wie interaktive Displays, Tablets und Notebooks zentral verwaltet werden \u2013 sicher, effizient und ohne Kompromisse bei der Datensicherheit.<\/p>\n\n\n\n<h3 class=\"wp-block-heading\">Nahtlose Integration von Hardware und Schulsoftware<\/h3>\n\n\n\n<p>Die <strong>Hisense Go Boards<\/strong>, leistungsstarke interaktive Displays f\u00fcr den Unterricht, lassen sich dank SOTI MobiControl m\u00fchelos in bestehende Schul-IT-Landschaften integrieren. Dieses MDM-System (Mobile Device Management) erm\u00f6glicht:<\/p>\n\n\n\n<ul class=\"wp-block-list\">\n<li><strong>Zentrale Ger\u00e4testeuerung:<\/strong> Updates, Apps und Konfigurationen per Mausklick f\u00fcr Hunderte Ger\u00e4te verteilt \u00fcber mehrere Standorte.<\/li>\n\n\n\n<li><strong>Sichere IServ-Anbindung:<\/strong> Go Boards werden als vollwertige Endger\u00e4te in IServ erkannt, sodass Lehrer Lerninhalte direkt vom Board auf Tablets der Sch\u00fcler pushen k\u00f6nnen.<\/li>\n\n\n\n<li><strong>Datenschutzkonformit\u00e4t:<\/strong> Alle Ger\u00e4te entsprechen den Vorgaben der DSGVO, mit Ende-zu-Ende-Verschl\u00fcsselung und Zero-Trust-Architektur.<\/li>\n<\/ul>\n\n\n\n<h3 class=\"wp-block-heading\">Was diese Partnerschaft auszeichnet<\/h3>\n\n\n\n<p>Die Kooperation zwischen <strong>Hisense, Education Cloud und SOTI<\/strong> vereint Hardware-Power, Software-Expertise und Verwaltungsintelligenz. W\u00e4hrend Hisense mit seinen robusten, multi-touch-f\u00e4higen Go Boards punktet, liefern Education Cloud und SOTI die perfekte IServ-Integration sowie skalierbare Ger\u00e4teverwaltung. Das Ergebnis: Digitale Klassenzimmer, die bereit f\u00fcr die Zukunft sind.<\/p>\n\n\n\n<h3 class=\"wp-block-heading\">Kommen Sie vorbei!<\/h3>\n\n\n\n<p>Besuchen Sie uns in <strong>Halle 1, Hisense-Stand, Education Corner<\/strong> <strong>Stand 1E390<\/strong>. Erleben Sie Demos, sprechen Sie mit unseren Experten und lassen Sie sich von unserer ganzheitlichen L\u00f6sung \u00fcberzeugen. Netzwerken Sie mit Schultr\u00e4gern, IT-Verantwortlichen und EdTech-Pionieren aus ganz Europa.<\/p>\n\n\n\n<p><\/p>\n","protected":false},"excerpt":{"rendered":"<p>Die Integrated Systems Europe (ISE) 2026 in Barcelona, die vom 3. bis 6. Februar in der Fira de Barcelona Gran Via stattfindet, etabliert sich als globaler Hotspot f\u00fcr audiovisuelle Innovationen und Bildungstechnologie. Mit \u00fcber 1.400 Ausstellern und einem neuen EdTech Congress r\u00fcckt die Messe verst\u00e4rkt KI-gest\u00fctzte Lernl\u00f6sungen und smarte Klassenzimmer in den Fokus. Besonders spannend [&hellip;]<\/p>\n","protected":false},"author":8,"featured_media":0,"comment_status":"closed","ping_status":"open","sticky":false,"template":"","format":"standard","meta":{"_acf_changed":false,"footnotes":""},"categories":[4,29],"tags":[],"class_list":["post-6837","post","type-post","status-publish","format-standard","hentry","category-veranstaltungen","category-news"],"acf":[],"_links":{"self":[{"href":"https:\/\/www.education-cloud.eu\/index.php?rest_route=\/wp\/v2\/posts\/6837","targetHints":{"allow":["GET"]}}],"collection":[{"href":"https:\/\/www.education-cloud.eu\/index.php?rest_route=\/wp\/v2\/posts"}],"about":[{"href":"https:\/\/www.education-cloud.eu\/index.php?rest_route=\/wp\/v2\/types\/post"}],"author":[{"embeddable":true,"href":"https:\/\/www.education-cloud.eu\/index.php?rest_route=\/wp\/v2\/users\/8"}],"replies":[{"embeddable":true,"href":"https:\/\/www.education-cloud.eu\/index.php?rest_route=%2Fwp%2Fv2%2Fcomments&post=6837"}],"version-history":[{"count":3,"href":"https:\/\/www.education-cloud.eu\/index.php?rest_route=\/wp\/v2\/posts\/6837\/revisions"}],"predecessor-version":[{"id":6844,"href":"https:\/\/www.education-cloud.eu\/index.php?rest_route=\/wp\/v2\/posts\/6837\/revisions\/6844"}],"wp:attachment":[{"href":"https:\/\/www.education-cloud.eu\/index.php?rest_route=%2Fwp%2Fv2%2Fmedia&parent=6837"}],"wp:term":[{"taxonomy":"category","embeddable":true,"href":"https:\/\/www.education-cloud.eu\/index.php?rest_route=%2Fwp%2Fv2%2Fcategories&post=6837"},{"taxonomy":"post_tag","embeddable":true,"href":"https:\/\/www.education-cloud.eu\/index.php?rest_route=%2Fwp%2Fv2%2Ftags&post=6837"}],"curies":[{"name":"wp","href":"https:\/\/api.w.org\/{rel}","templated":true}]}}